{"id":106031,"date":"2022-04-13T13:50:34","date_gmt":"2022-04-13T16:50:34","guid":{"rendered":"https:\/\/eldiariodesanpedro.com.ar\/sitio\/?p=106031"},"modified":"2022-04-13T13:50:34","modified_gmt":"2022-04-13T16:50:34","slug":"eliseo-almada-integra-la-comision-del-consejo-portuario-argentino%ef%bf%bc","status":"publish","type":"post","link":"https:\/\/eldiariodesanpedro.com.ar\/sitio\/eliseo-almada-integra-la-comision-del-consejo-portuario-argentino%ef%bf%bc\/","title":{"rendered":"Eliseo Almada integra la comisi\u00f3n del Consejo Portuario Argentino\ufffc"},"content":{"rendered":"<!-- VideographyWP Plugin Message: Automatic video embedding prevented by plugin options. -->\n\n<p>La titular del Consorcio de Gesti\u00f3n de Puerto Dock Sud y especialista en temas vinculados con la log\u00edstica del comercio exterior, Carla Monrabal, fue designada nuevamente como presidenta de la Comisi\u00f3n Directiva del Consejo Portuario Argentino para el per\u00edodo 2022\/24.<\/p>\n\n\n\n<p>El titular del Consorcio de San Pedro, Eliseo Almada, tambi\u00e9n integra el \u00f3rgano de conducci\u00f3n.\u00a0<\/p>\n\n\n\n<p>La elecci\u00f3n tuvo lugar durante la asamblea general que se llev\u00f3 a cabo en las instalaciones de las nuevas oficinas de Puerto de Buenos Aires, AGP, en un encuentro h\u00edbrido con autoridades de puertos p\u00fablicos en forma presencial y otros en forma virtual.<\/p>\n\n\n\n<p>La lista de autoridades de la nueva CD que fue consensuada hace un tiempo, decidi\u00f3 elegir como titular a Monrabal, representante de los puertos de la provincia de Buenos Aires; a Jos\u00e9 Beni, interventor de AGP, como vicepresidente -precisamente a quien reemplaza Monrabal-, seguido de un representante de los puertos patag\u00f3nicos, Roberto Murcia, titular de la Direcci\u00f3n Provincial de Puertos de Tierra del Fuego, como secretario.&nbsp;<\/p>\n\n\n\n<p>Al asumir el cargo, Monrabal se\u00f1al\u00f3 que lo hace con mucho placer y dispuesta a darle al CPA un estilo que tiene que ver con mucho trabajo y colaboraci\u00f3n de todo el equipo que lo integra. \u201cEl CPA es una herramienta fundamental que hay que desarrollar y desde donde se pueden llevar adelante muchas iniciativas positivas para mejorar la log\u00edstica vinculada a los puertos del pa\u00eds, con m\u00e1s federalismo y m\u00e1s complementaci\u00f3n\u201d, dijo.<\/p>\n\n\n\n<p>En ese sentido, coincidi\u00f3 con sus colegas en que hay temas prioritarios en la agenda en los que se debe trabajar, desde la necesidad de mejoras respecto a las operativa y normativa aduanera, lo que exige trabajo entre los puertos y con la Aduana, hasta la situaci\u00f3n de la hidrov\u00eda. Estos temas tambi\u00e9n requerir\u00e1n un trabajo intenso y puntual de las comisiones de trabajo y gestiones de las propias autoridades del CPA con los organismos vinculados con la actividad.<\/p>\n\n\n\n<p>La lista de la nueva Comisi\u00f3n Directiva del Consejo Portuario Argentino qued\u00f3 conformada de la siguiente manera: Presidenta, Carla Monrabal, Consorcio de Gesti\u00f3n Puerto Dock Sud, Vicepresidente, Jos\u00e9 Beni, Administraci\u00f3n General de Puertos SE, Secretario, Roberto Murcia, Dir. Provincial de Puertos de Tierra del Fuego; Prosecretario, Jos\u00e9 Mar\u00eda Lojo, Consorcio de Gesti\u00f3n Puerto La Plata; Tesorero, Favio Cambareri, Admin. Portuaria del Puerto de Comodoro Rivadavia; Protesorero, Enrique Calvo, Adm. Portuaria de Puerto Madryn, Vocales Titulares: Roberto Benitez, Adm. Portuaria Puerto Barranqueras, Gabriel Felizia, Consorcio Regional Portuaria de Mar del Plata, Cecilia Comercio, Consorcio de Gesti\u00f3n Puerto San Nicol\u00e1s; Vocales Suplentes: Marcelo Gordillo, Unidad Ejecutora Portuaria Santa Cruz, Rodolfo Gorvein, Puerto de Formosa, revisores de cuentas, titular, Jorge Alvaro, Consorcio de Gesti\u00f3n Puerto Quequ\u00e9n, suplente, Eliseo Almada, Consorcio de Gesti\u00f3n Puerto San Pedro.<\/p>\n","protected":false},"excerpt":{"rendered":"<p>La titular del Consorcio de Gesti\u00f3n de Puerto Dock Sud y especialista en temas vinculados con la log\u00edstica del comercio exterior, Carla Monrabal, fue designada nuevamente como presidenta de la Comisi\u00f3n Directiva del Consejo Portuario Argentino para el per\u00edodo 2022\/24. El titular del Consorcio de San Pedro, Eliseo Almada, tambi\u00e9n integra el \u00f3rgano de conducci\u00f3n.\u00a0 [&hellip;]<\/p>\n","protected":false},"author":4,"featured_media":106032,"comment_status":"closed","ping_status":"closed","sticky":false,"template":"","format":"standard","meta":{"om_disable_all_campaigns":false,"_jetpack_memberships_contains_paid_content":false,"footnotes":""},"categories":[50,101,2],"tags":[197,696,33,19],"class_list":["post-106031","post","type-post","status-publish","format-standard","has-post-thumbnail","hentry","category-destacadas","category-interes-general-locales","category-locales","tag-buenos-aires","tag-interes-general","tag-locales","tag-san-pedro"],"aioseo_notices":[],"gutentor_comment":0,"jetpack_featured_media_url":"https:\/\/eldiariodesanpedro.com.ar\/sitio\/wp-content\/uploads\/2022\/04\/docksud-4-1.jpg","jetpack_shortlink":"https:\/\/wp.me\/p6RhLt-rAb","jetpack_sharing_enabled":true,"_links":{"self":[{"href":"https:\/\/eldiariodesanpedro.com.ar\/sitio\/wp-json\/wp\/v2\/posts\/106031","targetHints":{"allow":["GET"]}}],"collection":[{"href":"https:\/\/eldiariodesanpedro.com.ar\/sitio\/wp-json\/wp\/v2\/posts"}],"about":[{"href":"https:\/\/eldiariodesanpedro.com.ar\/sitio\/wp-json\/wp\/v2\/types\/post"}],"author":[{"embeddable":true,"href":"https:\/\/eldiariodesanpedro.com.ar\/sitio\/wp-json\/wp\/v2\/users\/4"}],"replies":[{"embeddable":true,"href":"https:\/\/eldiariodesanpedro.com.ar\/sitio\/wp-json\/wp\/v2\/comments?post=106031"}],"version-history":[{"count":1,"href":"https:\/\/eldiariodesanpedro.com.ar\/sitio\/wp-json\/wp\/v2\/posts\/106031\/revisions"}],"predecessor-version":[{"id":106033,"href":"https:\/\/eldiariodesanpedro.com.ar\/sitio\/wp-json\/wp\/v2\/posts\/106031\/revisions\/106033"}],"wp:featuredmedia":[{"embeddable":true,"href":"https:\/\/eldiariodesanpedro.com.ar\/sitio\/wp-json\/wp\/v2\/media\/106032"}],"wp:attachment":[{"href":"https:\/\/eldiariodesanpedro.com.ar\/sitio\/wp-json\/wp\/v2\/media?parent=106031"}],"wp:term":[{"taxonomy":"category","embeddable":true,"href":"https:\/\/eldiariodesanpedro.com.ar\/sitio\/wp-json\/wp\/v2\/categories?post=106031"},{"taxonomy":"post_tag","embeddable":true,"href":"https:\/\/eldiariodesanpedro.com.ar\/sitio\/wp-json\/wp\/v2\/tags?post=106031"}],"curies":[{"name":"wp","href":"https:\/\/api.w.org\/{rel}","templated":true}]}}