{"id":10603,"date":"2016-11-23T20:43:46","date_gmt":"2016-11-23T23:43:46","guid":{"rendered":"https:\/\/eldiariodesanpedro.com.ar\/sitio\/?p=10603"},"modified":"2026-01-24T00:32:22","modified_gmt":"2026-01-24T03:32:22","slug":"club-nautico-estan-los-ternados-al-premio-paulino-2016","status":"publish","type":"post","link":"https:\/\/eldiariodesanpedro.com.ar\/sitio\/club-nautico-estan-los-ternados-al-premio-paulino-2016\/","title":{"rendered":"CLUB N\u00c1UTICO: Est\u00e1n los ternados al premio Paulino 2016"},"content":{"rendered":"<p><!-- VideographyWP Plugin Message: Automatic video embedding prevented by plugin options. --><br \/>\nEl pr\u00f3ximo domingo 18 el Club N\u00e1utico San Pedro vivir\u00e1 su fiesta deportiva anual continuando con una tradici\u00f3n que desde 1985 destaca la s\u00edntesis de los \u00e9xitos deportivos con los valores personales de los representantes de cada una de las disciplinas que se desarrollan durante todo el a\u00f1o.<\/p>\n<p>La ceremonia ser\u00e1 a las 20.00 frente al sal\u00f3n social e incluir\u00e1 como es habitual reconocimientos especiales en todas las actividades y la Menci\u00f3n Capit\u00e1n Monteverde.<\/p>\n<p>Los entrenadores de cada deporte han considerado que este a\u00f1o los ternados son:<\/p>\n<p>Hockey: Amparo L\u00f3pez Cabrera, Aldana Gorbar\u00e1n y Micaela Garc\u00eda.<br \/>\nBasquetbol: Francisco Garibaldi, Tom\u00e1s Nakama y Alejo Mitidieri.<br \/>\nNataci\u00f3n: Bruno Giles, Bernarda Graff y Pedro Adrover.<br \/>\nTenis: Felipe Bonafina, Agust\u00edn Cajide y Pedro Sciarra.<br \/>\nVoleibol: Valent\u00edn Mauri, Gaspar Balista y Anabela Penduzzu.<br \/>\nCanotaje: Rebeca Destefano, Lisandro Butti y Agust\u00edn Magliotti y Juan Segundo More (K2).<br \/>\nOptimist: Malena Sciarra, Maylen Muscia y Federico Moretti.<\/p>\n","protected":false},"excerpt":{"rendered":"<p>El pr\u00f3ximo domingo 18 el Club N\u00e1utico San Pedro vivir\u00e1 su fiesta deportiva anual continuando con una tradici\u00f3n que desde 1985 destaca la s\u00edntesis de los \u00e9xitos deportivos con los valores personales de los representantes de cada una de las disciplinas que se desarrollan durante todo el a\u00f1o. La ceremonia ser\u00e1 a las 20.00 frente [&hellip;]<\/p>\n","protected":false},"author":4,"featured_media":10606,"comment_status":"open","ping_status":"closed","sticky":false,"template":"","format":"standard","meta":{"om_disable_all_campaigns":false,"_jetpack_memberships_contains_paid_content":false,"footnotes":""},"categories":[5],"tags":[],"class_list":["post-10603","post","type-post","status-publish","format-standard","has-post-thumbnail","hentry","category-deportes"],"aioseo_notices":[],"gutentor_comment":0,"jetpack_featured_media_url":"https:\/\/eldiariodesanpedro.com.ar\/sitio\/wp-content\/uploads\/2016\/11\/foto-2-24-11-16.jpg","jetpack_shortlink":"https:\/\/wp.me\/p6RhLt-2L1","jetpack_sharing_enabled":true,"_links":{"self":[{"href":"https:\/\/eldiariodesanpedro.com.ar\/sitio\/wp-json\/wp\/v2\/posts\/10603","targetHints":{"allow":["GET"]}}],"collection":[{"href":"https:\/\/eldiariodesanpedro.com.ar\/sitio\/wp-json\/wp\/v2\/posts"}],"about":[{"href":"https:\/\/eldiariodesanpedro.com.ar\/sitio\/wp-json\/wp\/v2\/types\/post"}],"author":[{"embeddable":true,"href":"https:\/\/eldiariodesanpedro.com.ar\/sitio\/wp-json\/wp\/v2\/users\/4"}],"replies":[{"embeddable":true,"href":"https:\/\/eldiariodesanpedro.com.ar\/sitio\/wp-json\/wp\/v2\/comments?post=10603"}],"version-history":[{"count":1,"href":"https:\/\/eldiariodesanpedro.com.ar\/sitio\/wp-json\/wp\/v2\/posts\/10603\/revisions"}],"predecessor-version":[{"id":10604,"href":"https:\/\/eldiariodesanpedro.com.ar\/sitio\/wp-json\/wp\/v2\/posts\/10603\/revisions\/10604"}],"wp:featuredmedia":[{"embeddable":true,"href":"https:\/\/eldiariodesanpedro.com.ar\/sitio\/wp-json\/wp\/v2\/media\/10606"}],"wp:attachment":[{"href":"https:\/\/eldiariodesanpedro.com.ar\/sitio\/wp-json\/wp\/v2\/media?parent=10603"}],"wp:term":[{"taxonomy":"category","embeddable":true,"href":"https:\/\/eldiariodesanpedro.com.ar\/sitio\/wp-json\/wp\/v2\/categories?post=10603"},{"taxonomy":"post_tag","embeddable":true,"href":"https:\/\/eldiariodesanpedro.com.ar\/sitio\/wp-json\/wp\/v2\/tags?post=10603"}],"curies":[{"name":"wp","href":"https:\/\/api.w.org\/{rel}","templated":true}]}}