{"id":106028,"date":"2022-04-13T13:47:49","date_gmt":"2022-04-13T16:47:49","guid":{"rendered":"https:\/\/eldiariodesanpedro.com.ar\/sitio\/?p=106028"},"modified":"2022-04-13T13:47:50","modified_gmt":"2022-04-13T16:47:50","slug":"oficializan-el-uso-opcional-del-barbijo-en-las-escuelas%ef%bf%bc","status":"publish","type":"post","link":"https:\/\/eldiariodesanpedro.com.ar\/sitio\/oficializan-el-uso-opcional-del-barbijo-en-las-escuelas%ef%bf%bc\/","title":{"rendered":"Oficializan el uso opcional del barbijo en las escuelas\ufffc"},"content":{"rendered":"<!-- VideographyWP Plugin Message: Automatic video embedding prevented by plugin options. -->\n\n<p>La Direcci\u00f3n General de Cultura y Educaci\u00f3n public\u00f3 la resoluci\u00f3n 589-2022 en la que oficializa el uso opcional del barbijo en las escuelas de la provincia de Buenos Aires.&nbsp;<\/p>\n\n\n\n<p>En el art\u00edculo 1, se recomienda \u00abenf\u00e1ticamente el uso del barbijo en los espacios cerrados de las instituciones educativas de gesti\u00f3n estatal y gesti\u00f3n privada, en tanto constituye una de las principales acciones para reducir los riesgos de contagio COVID-19 y otras enfermedades respiratorias agudas\u00bb.<a><\/a><\/p>\n\n\n\n<p>Sin embargo, en el segundo, se establece \u00abel uso optativo del barbijo para las y los integrantes de las instituciones educativas de todos los niveles y modalidades de gesti\u00f3n estatal y gesti\u00f3n privada\u00bb.<\/p>\n\n\n\n<p>En los considerandos, el Ministerio plantea \u00abque los establecimientos educativos de gesti\u00f3n estatal de todos los niveles y modalidades cuentan con medidores de di\u00f3xido de carbono que permiten controlar la adecuada ventilaci\u00f3n en los espacios cerrados de los edificios escolares\u00bb<\/p>\n","protected":false},"excerpt":{"rendered":"<p>La Direcci\u00f3n General de Cultura y Educaci\u00f3n public\u00f3 la resoluci\u00f3n 589-2022 en la que oficializa el uso opcional del barbijo en las escuelas de la provincia de Buenos Aires.&nbsp; En el art\u00edculo 1, se recomienda \u00abenf\u00e1ticamente el uso del barbijo en los espacios cerrados de las instituciones educativas de gesti\u00f3n estatal y gesti\u00f3n privada, en [&hellip;]<\/p>\n","protected":false},"author":4,"featured_media":106029,"comment_status":"closed","ping_status":"closed","sticky":false,"template":"","format":"standard","meta":{"om_disable_all_campaigns":false,"_jetpack_memberships_contains_paid_content":false,"footnotes":""},"categories":[50,101,2],"tags":[197,696,33,19],"class_list":["post-106028","post","type-post","status-publish","format-standard","has-post-thumbnail","hentry","category-destacadas","category-interes-general-locales","category-locales","tag-buenos-aires","tag-interes-general","tag-locales","tag-san-pedro"],"aioseo_notices":[],"gutentor_comment":0,"jetpack_featured_media_url":"https:\/\/eldiariodesanpedro.com.ar\/sitio\/wp-content\/uploads\/2022\/04\/Barbijos-.jpg","jetpack_shortlink":"https:\/\/wp.me\/p6RhLt-rA8","jetpack_sharing_enabled":true,"_links":{"self":[{"href":"https:\/\/eldiariodesanpedro.com.ar\/sitio\/wp-json\/wp\/v2\/posts\/106028","targetHints":{"allow":["GET"]}}],"collection":[{"href":"https:\/\/eldiariodesanpedro.com.ar\/sitio\/wp-json\/wp\/v2\/posts"}],"about":[{"href":"https:\/\/eldiariodesanpedro.com.ar\/sitio\/wp-json\/wp\/v2\/types\/post"}],"author":[{"embeddable":true,"href":"https:\/\/eldiariodesanpedro.com.ar\/sitio\/wp-json\/wp\/v2\/users\/4"}],"replies":[{"embeddable":true,"href":"https:\/\/eldiariodesanpedro.com.ar\/sitio\/wp-json\/wp\/v2\/comments?post=106028"}],"version-history":[{"count":1,"href":"https:\/\/eldiariodesanpedro.com.ar\/sitio\/wp-json\/wp\/v2\/posts\/106028\/revisions"}],"predecessor-version":[{"id":106030,"href":"https:\/\/eldiariodesanpedro.com.ar\/sitio\/wp-json\/wp\/v2\/posts\/106028\/revisions\/106030"}],"wp:featuredmedia":[{"embeddable":true,"href":"https:\/\/eldiariodesanpedro.com.ar\/sitio\/wp-json\/wp\/v2\/media\/106029"}],"wp:attachment":[{"href":"https:\/\/eldiariodesanpedro.com.ar\/sitio\/wp-json\/wp\/v2\/media?parent=106028"}],"wp:term":[{"taxonomy":"category","embeddable":true,"href":"https:\/\/eldiariodesanpedro.com.ar\/sitio\/wp-json\/wp\/v2\/categories?post=106028"},{"taxonomy":"post_tag","embeddable":true,"href":"https:\/\/eldiariodesanpedro.com.ar\/sitio\/wp-json\/wp\/v2\/tags?post=106028"}],"curies":[{"name":"wp","href":"https:\/\/api.w.org\/{rel}","templated":true}]}}