{"id":106018,"date":"2022-04-13T13:27:22","date_gmt":"2022-04-13T16:27:22","guid":{"rendered":"https:\/\/eldiariodesanpedro.com.ar\/sitio\/?p=106018"},"modified":"2022-04-13T13:27:23","modified_gmt":"2022-04-13T16:27:23","slug":"exitosa-jornada-de-vacunacion-en-la-peatonal","status":"publish","type":"post","link":"https:\/\/eldiariodesanpedro.com.ar\/sitio\/exitosa-jornada-de-vacunacion-en-la-peatonal\/","title":{"rendered":"Exitosa jornada de vacunaci\u00f3n en la peatonal"},"content":{"rendered":"<!-- VideographyWP Plugin Message: Automatic video embedding prevented by plugin options. -->\n\n<p>A muy buen ritmo se lleva a cabo la campa\u00f1a de vacunaci\u00f3n coordinada por la Municipalidad de San Pedro desde la Secretar\u00eda de Salud y junto al Colegio de Farmac\u00e9uticos, PAMI y ANSES con m\u00e1s de 600 aplicaciones hasta el momento de la vacuna antigripal y las comprendidas en el esquema obligatorio.<\/p>\n\n\n\n<p>Durante la ma\u00f1ana, el Intendente Municipal Ram\u00f3n Salazar visit\u00f3 el operativo emplazado en calle Balcarce frente a ANSES, dialog\u00f3 con el personal del equipo de Salud y salud\u00f3 a los vecinos que se acercaron al lugar para ser vacunados durante la jornada que se extender\u00e1 hasta las 18.00 hs.<\/p>\n\n\n\n<p>Estas acciones de v\u00eda p\u00fablica est\u00e1n orientadas a quienes pueden movilizarse pero adem\u00e1s se habilit\u00f3 un mecanismo a trav\u00e9s del cual podr\u00e1n informar los datos de las personas que no puedan concurrir por internaciones domiciliarias, mujeres embarazadas, ni\u00f1os\/as de 6 a 24 meses y otros\/as que no cuenten con posibilidades de acercarse a CAPS y\/o postas de testeos. En el sitio web www.sanpedro.gob.ar se encuentra un formulario de inscripci\u00f3n para facilitar la aplicaci\u00f3n de la vacuna en esta poblaci\u00f3n que ser\u00e1 contactada por personal del equipo de Salud.<\/p>\n\n\n\n<p>Adem\u00e1s, desde el lunes 18 de abril podr\u00e1n recibir la aplicaci\u00f3n de la vacuna antigripal en los Centros de Salud los mayores de 65 a\u00f1os.<\/p>\n\n\n\n<figure class=\"wp-block-image size-full\"><img decoding=\"async\" width=\"945\" height=\"630\" data-attachment-id=\"106020\" data-permalink=\"https:\/\/eldiariodesanpedro.com.ar\/sitio\/exitosa-jornada-de-vacunacion-en-la-peatonal\/whatsapp-image-2022-04-13-at-12-47-16-pm\/\" data-orig-file=\"https:\/\/eldiariodesanpedro.com.ar\/sitio\/wp-content\/uploads\/2022\/04\/WhatsApp-Image-2022-04-13-at-12.47.16-PM.jpeg\" data-orig-size=\"945,630\" data-comments-opened=\"0\" data-image-meta=\"{&quot;aperture&quot;:&quot;0&quot;,&quot;credit&quot;:&quot;&quot;,&quot;camera&quot;:&quot;&quot;,&quot;caption&quot;:&quot;&quot;,&quot;created_timestamp&quot;:&quot;0&quot;,&quot;copyright&quot;:&quot;&quot;,&quot;focal_length&quot;:&quot;0&quot;,&quot;iso&quot;:&quot;0&quot;,&quot;shutter_speed&quot;:&quot;0&quot;,&quot;title&quot;:&quot;&quot;,&quot;orientation&quot;:&quot;0&quot;}\" data-image-title=\"WhatsApp Image 2022-04-13 at 12.47.16 PM\" data-image-description=\"\" data-image-caption=\"\" data-large-file=\"https:\/\/eldiariodesanpedro.com.ar\/sitio\/wp-content\/uploads\/2022\/04\/WhatsApp-Image-2022-04-13-at-12.47.16-PM.jpeg\" data-src=\"https:\/\/eldiariodesanpedro.com.ar\/sitio\/wp-content\/uploads\/2022\/04\/WhatsApp-Image-2022-04-13-at-12.47.16-PM.jpeg\" alt=\"\" class=\"wp-image-106020 lazyload\" data-srcset=\"https:\/\/eldiariodesanpedro.com.ar\/sitio\/wp-content\/uploads\/2022\/04\/WhatsApp-Image-2022-04-13-at-12.47.16-PM.jpeg 945w, https:\/\/eldiariodesanpedro.com.ar\/sitio\/wp-content\/uploads\/2022\/04\/WhatsApp-Image-2022-04-13-at-12.47.16-PM-300x200.jpeg 300w, https:\/\/eldiariodesanpedro.com.ar\/sitio\/wp-content\/uploads\/2022\/04\/WhatsApp-Image-2022-04-13-at-12.47.16-PM-768x512.jpeg 768w\" data-sizes=\"(max-width: 945px) 100vw, 945px\" src=\"data:image\/svg+xml;base64,PHN2ZyB3aWR0aD0iMSIgaGVpZ2h0PSIxIiB4bWxucz0iaHR0cDovL3d3dy53My5vcmcvMjAwMC9zdmciPjwvc3ZnPg==\" style=\"--smush-placeholder-width: 945px; --smush-placeholder-aspect-ratio: 945\/630;\" \/><\/figure>\n\n\n\n<figure class=\"wp-block-image size-full\"><img decoding=\"async\" width=\"945\" height=\"630\" data-attachment-id=\"106019\" data-permalink=\"https:\/\/eldiariodesanpedro.com.ar\/sitio\/exitosa-jornada-de-vacunacion-en-la-peatonal\/whatsapp-image-2022-04-13-at-12-47-16-pm-1\/\" data-orig-file=\"https:\/\/eldiariodesanpedro.com.ar\/sitio\/wp-content\/uploads\/2022\/04\/WhatsApp-Image-2022-04-13-at-12.47.16-PM-1.jpeg\" data-orig-size=\"945,630\" data-comments-opened=\"0\" data-image-meta=\"{&quot;aperture&quot;:&quot;0&quot;,&quot;credit&quot;:&quot;&quot;,&quot;camera&quot;:&quot;&quot;,&quot;caption&quot;:&quot;&quot;,&quot;created_timestamp&quot;:&quot;0&quot;,&quot;copyright&quot;:&quot;&quot;,&quot;focal_length&quot;:&quot;0&quot;,&quot;iso&quot;:&quot;0&quot;,&quot;shutter_speed&quot;:&quot;0&quot;,&quot;title&quot;:&quot;&quot;,&quot;orientation&quot;:&quot;0&quot;}\" data-image-title=\"WhatsApp Image 2022-04-13 at 12.47.16 PM (1)\" data-image-description=\"\" data-image-caption=\"\" data-large-file=\"https:\/\/eldiariodesanpedro.com.ar\/sitio\/wp-content\/uploads\/2022\/04\/WhatsApp-Image-2022-04-13-at-12.47.16-PM-1.jpeg\" data-src=\"https:\/\/eldiariodesanpedro.com.ar\/sitio\/wp-content\/uploads\/2022\/04\/WhatsApp-Image-2022-04-13-at-12.47.16-PM-1.jpeg\" alt=\"\" class=\"wp-image-106019 lazyload\" data-srcset=\"https:\/\/eldiariodesanpedro.com.ar\/sitio\/wp-content\/uploads\/2022\/04\/WhatsApp-Image-2022-04-13-at-12.47.16-PM-1.jpeg 945w, https:\/\/eldiariodesanpedro.com.ar\/sitio\/wp-content\/uploads\/2022\/04\/WhatsApp-Image-2022-04-13-at-12.47.16-PM-1-300x200.jpeg 300w, https:\/\/eldiariodesanpedro.com.ar\/sitio\/wp-content\/uploads\/2022\/04\/WhatsApp-Image-2022-04-13-at-12.47.16-PM-1-768x512.jpeg 768w\" data-sizes=\"(max-width: 945px) 100vw, 945px\" src=\"data:image\/svg+xml;base64,PHN2ZyB3aWR0aD0iMSIgaGVpZ2h0PSIxIiB4bWxucz0iaHR0cDovL3d3dy53My5vcmcvMjAwMC9zdmciPjwvc3ZnPg==\" style=\"--smush-placeholder-width: 945px; --smush-placeholder-aspect-ratio: 945\/630;\" \/><\/figure>\n","protected":false},"excerpt":{"rendered":"<p>A muy buen ritmo se lleva a cabo la campa\u00f1a de vacunaci\u00f3n coordinada por la Municipalidad de San Pedro desde la Secretar\u00eda de Salud y junto al Colegio de Farmac\u00e9uticos, PAMI y ANSES con m\u00e1s de 600 aplicaciones hasta el momento de la vacuna antigripal y las comprendidas en el esquema obligatorio. Durante la ma\u00f1ana, [&hellip;]<\/p>\n","protected":false},"author":4,"featured_media":106022,"comment_status":"closed","ping_status":"closed","sticky":false,"template":"","format":"standard","meta":{"om_disable_all_campaigns":false,"_jetpack_memberships_contains_paid_content":false,"footnotes":""},"categories":[50,101,2],"tags":[197,2834,696,33,19],"class_list":["post-106018","post","type-post","status-publish","format-standard","has-post-thumbnail","hentry","category-destacadas","category-interes-general-locales","category-locales","tag-buenos-aires","tag-exitosa-jornada-de-vacunacion-en-la-peatonal","tag-interes-general","tag-locales","tag-san-pedro"],"aioseo_notices":[],"gutentor_comment":0,"jetpack_featured_media_url":"https:\/\/eldiariodesanpedro.com.ar\/sitio\/wp-content\/uploads\/2022\/04\/WhatsApp-Image-2022-04-13-at-12.47.17-PM.jpeg","jetpack_shortlink":"https:\/\/wp.me\/p6RhLt-rzY","jetpack_sharing_enabled":true,"_links":{"self":[{"href":"https:\/\/eldiariodesanpedro.com.ar\/sitio\/wp-json\/wp\/v2\/posts\/106018","targetHints":{"allow":["GET"]}}],"collection":[{"href":"https:\/\/eldiariodesanpedro.com.ar\/sitio\/wp-json\/wp\/v2\/posts"}],"about":[{"href":"https:\/\/eldiariodesanpedro.com.ar\/sitio\/wp-json\/wp\/v2\/types\/post"}],"author":[{"embeddable":true,"href":"https:\/\/eldiariodesanpedro.com.ar\/sitio\/wp-json\/wp\/v2\/users\/4"}],"replies":[{"embeddable":true,"href":"https:\/\/eldiariodesanpedro.com.ar\/sitio\/wp-json\/wp\/v2\/comments?post=106018"}],"version-history":[{"count":1,"href":"https:\/\/eldiariodesanpedro.com.ar\/sitio\/wp-json\/wp\/v2\/posts\/106018\/revisions"}],"predecessor-version":[{"id":106024,"href":"https:\/\/eldiariodesanpedro.com.ar\/sitio\/wp-json\/wp\/v2\/posts\/106018\/revisions\/106024"}],"wp:featuredmedia":[{"embeddable":true,"href":"https:\/\/eldiariodesanpedro.com.ar\/sitio\/wp-json\/wp\/v2\/media\/106022"}],"wp:attachment":[{"href":"https:\/\/eldiariodesanpedro.com.ar\/sitio\/wp-json\/wp\/v2\/media?parent=106018"}],"wp:term":[{"taxonomy":"category","embeddable":true,"href":"https:\/\/eldiariodesanpedro.com.ar\/sitio\/wp-json\/wp\/v2\/categories?post=106018"},{"taxonomy":"post_tag","embeddable":true,"href":"https:\/\/eldiariodesanpedro.com.ar\/sitio\/wp-json\/wp\/v2\/tags?post=106018"}],"curies":[{"name":"wp","href":"https:\/\/api.w.org\/{rel}","templated":true}]}}