{"id":106011,"date":"2022-04-13T13:16:47","date_gmt":"2022-04-13T16:16:47","guid":{"rendered":"https:\/\/eldiariodesanpedro.com.ar\/sitio\/?p=106011"},"modified":"2022-04-13T13:19:17","modified_gmt":"2022-04-13T16:19:17","slug":"la-municipalidad-obtuvo-una-nueva-retroexcavadora","status":"publish","type":"post","link":"https:\/\/eldiariodesanpedro.com.ar\/sitio\/la-municipalidad-obtuvo-una-nueva-retroexcavadora\/","title":{"rendered":"La Municipalidad obtuvo una nueva retroexcavadora"},"content":{"rendered":"<!-- VideographyWP Plugin Message: Automatic video embedding prevented by plugin options. -->\n\n<p>Esta ma\u00f1ana el Intendente Dr. Ram\u00f3n Salazar junto a los Secretarios de Coordinaci\u00f3n Hern\u00e1n Contreras; Gobierno Pablo Valemink y Servicios P\u00fablicos Ariel \u00c1lvarez, recibieron la m\u00e1quina retroexcavadora adquirida recientemente a trav\u00e9s de un aporte correspondiente a la entrega de fondos incluidos en el programa de \u201cApoyo para la prevenci\u00f3n de la emergencia agropecuaria\u201d por el Ministerio de Agricultura, Ganader\u00eda y Pesca de la Naci\u00f3n.<\/p>\n\n\n\n<p>El Intendente destac\u00f3 que las primeras tareas de esta unidad est\u00e9n orientados a la limpieza en los canales de desag\u00fce que beneficiar\u00e1n a Barrios como El Escorial, Villa Jard\u00edn y Los Aromitos en donde ven\u00edan afrontando complicaciones en d\u00edas de lluvias intensas.<\/p>\n\n\n\n<p>El jefe comunal volvi\u00f3 a agradecer el aporte recibido y remarc\u00f3 que con \u00e9ste y otros equipos del \u00e1rea se seguir\u00e1n cumpliendo tareas para mejorar las condiciones de las zonas del Partido de San Pedro que lo necesiten.<\/p>\n\n\n\n<figure class=\"wp-block-image size-full\"><img decoding=\"async\" width=\"945\" height=\"630\" data-attachment-id=\"106012\" data-permalink=\"https:\/\/eldiariodesanpedro.com.ar\/sitio\/la-municipalidad-obtuvo-una-nueva-retroexcavadora\/whatsapp-image-2022-04-12-at-7-33-14-pm\/\" data-orig-file=\"https:\/\/eldiariodesanpedro.com.ar\/sitio\/wp-content\/uploads\/2022\/04\/WhatsApp-Image-2022-04-12-at-7.33.14-PM.jpeg\" data-orig-size=\"945,630\" data-comments-opened=\"0\" data-image-meta=\"{&quot;aperture&quot;:&quot;0&quot;,&quot;credit&quot;:&quot;&quot;,&quot;camera&quot;:&quot;&quot;,&quot;caption&quot;:&quot;&quot;,&quot;created_timestamp&quot;:&quot;0&quot;,&quot;copyright&quot;:&quot;&quot;,&quot;focal_length&quot;:&quot;0&quot;,&quot;iso&quot;:&quot;0&quot;,&quot;shutter_speed&quot;:&quot;0&quot;,&quot;title&quot;:&quot;&quot;,&quot;orientation&quot;:&quot;0&quot;}\" data-image-title=\"WhatsApp Image 2022-04-12 at 7.33.14 PM\" data-image-description=\"\" data-image-caption=\"\" data-large-file=\"https:\/\/eldiariodesanpedro.com.ar\/sitio\/wp-content\/uploads\/2022\/04\/WhatsApp-Image-2022-04-12-at-7.33.14-PM.jpeg\" data-src=\"https:\/\/eldiariodesanpedro.com.ar\/sitio\/wp-content\/uploads\/2022\/04\/WhatsApp-Image-2022-04-12-at-7.33.14-PM.jpeg\" alt=\"\" class=\"wp-image-106012 lazyload\" data-srcset=\"https:\/\/eldiariodesanpedro.com.ar\/sitio\/wp-content\/uploads\/2022\/04\/WhatsApp-Image-2022-04-12-at-7.33.14-PM.jpeg 945w, https:\/\/eldiariodesanpedro.com.ar\/sitio\/wp-content\/uploads\/2022\/04\/WhatsApp-Image-2022-04-12-at-7.33.14-PM-300x200.jpeg 300w, https:\/\/eldiariodesanpedro.com.ar\/sitio\/wp-content\/uploads\/2022\/04\/WhatsApp-Image-2022-04-12-at-7.33.14-PM-768x512.jpeg 768w\" data-sizes=\"(max-width: 945px) 100vw, 945px\" src=\"data:image\/svg+xml;base64,PHN2ZyB3aWR0aD0iMSIgaGVpZ2h0PSIxIiB4bWxucz0iaHR0cDovL3d3dy53My5vcmcvMjAwMC9zdmciPjwvc3ZnPg==\" style=\"--smush-placeholder-width: 945px; --smush-placeholder-aspect-ratio: 945\/630;\" \/><\/figure>\n\n\n\n<figure class=\"wp-block-image size-full\"><img decoding=\"async\" width=\"939\" height=\"630\" data-attachment-id=\"106014\" data-permalink=\"https:\/\/eldiariodesanpedro.com.ar\/sitio\/la-municipalidad-obtuvo-una-nueva-retroexcavadora\/whatsapp-image-2022-04-12-at-7-33-15-pm\/\" data-orig-file=\"https:\/\/eldiariodesanpedro.com.ar\/sitio\/wp-content\/uploads\/2022\/04\/WhatsApp-Image-2022-04-12-at-7.33.15-PM.jpeg\" data-orig-size=\"939,630\" data-comments-opened=\"0\" data-image-meta=\"{&quot;aperture&quot;:&quot;0&quot;,&quot;credit&quot;:&quot;&quot;,&quot;camera&quot;:&quot;&quot;,&quot;caption&quot;:&quot;&quot;,&quot;created_timestamp&quot;:&quot;0&quot;,&quot;copyright&quot;:&quot;&quot;,&quot;focal_length&quot;:&quot;0&quot;,&quot;iso&quot;:&quot;0&quot;,&quot;shutter_speed&quot;:&quot;0&quot;,&quot;title&quot;:&quot;&quot;,&quot;orientation&quot;:&quot;0&quot;}\" data-image-title=\"WhatsApp Image 2022-04-12 at 7.33.15 PM\" data-image-description=\"\" data-image-caption=\"\" data-large-file=\"https:\/\/eldiariodesanpedro.com.ar\/sitio\/wp-content\/uploads\/2022\/04\/WhatsApp-Image-2022-04-12-at-7.33.15-PM.jpeg\" data-src=\"https:\/\/eldiariodesanpedro.com.ar\/sitio\/wp-content\/uploads\/2022\/04\/WhatsApp-Image-2022-04-12-at-7.33.15-PM.jpeg\" alt=\"\" class=\"wp-image-106014 lazyload\" data-srcset=\"https:\/\/eldiariodesanpedro.com.ar\/sitio\/wp-content\/uploads\/2022\/04\/WhatsApp-Image-2022-04-12-at-7.33.15-PM.jpeg 939w, https:\/\/eldiariodesanpedro.com.ar\/sitio\/wp-content\/uploads\/2022\/04\/WhatsApp-Image-2022-04-12-at-7.33.15-PM-300x201.jpeg 300w, https:\/\/eldiariodesanpedro.com.ar\/sitio\/wp-content\/uploads\/2022\/04\/WhatsApp-Image-2022-04-12-at-7.33.15-PM-768x515.jpeg 768w\" data-sizes=\"(max-width: 939px) 100vw, 939px\" src=\"data:image\/svg+xml;base64,PHN2ZyB3aWR0aD0iMSIgaGVpZ2h0PSIxIiB4bWxucz0iaHR0cDovL3d3dy53My5vcmcvMjAwMC9zdmciPjwvc3ZnPg==\" style=\"--smush-placeholder-width: 939px; --smush-placeholder-aspect-ratio: 939\/630;\" \/><\/figure>\n","protected":false},"excerpt":{"rendered":"<p>Esta ma\u00f1ana el Intendente Dr. Ram\u00f3n Salazar junto a los Secretarios de Coordinaci\u00f3n Hern\u00e1n Contreras; Gobierno Pablo Valemink y Servicios P\u00fablicos Ariel \u00c1lvarez, recibieron la m\u00e1quina retroexcavadora adquirida recientemente a trav\u00e9s de un aporte correspondiente a la entrega de fondos incluidos en el programa de \u201cApoyo para la prevenci\u00f3n de la emergencia agropecuaria\u201d por el [&hellip;]<\/p>\n","protected":false},"author":4,"featured_media":106013,"comment_status":"closed","ping_status":"closed","sticky":false,"template":"","format":"standard","meta":{"om_disable_all_campaigns":false,"_jetpack_memberships_contains_paid_content":false,"footnotes":""},"categories":[50,101,2],"tags":[197,696,33,19],"class_list":["post-106011","post","type-post","status-publish","format-standard","has-post-thumbnail","hentry","category-destacadas","category-interes-general-locales","category-locales","tag-buenos-aires","tag-interes-general","tag-locales","tag-san-pedro"],"aioseo_notices":[],"gutentor_comment":0,"jetpack_featured_media_url":"https:\/\/eldiariodesanpedro.com.ar\/sitio\/wp-content\/uploads\/2022\/04\/WhatsApp-Image-2022-04-12-at-7.33.15-PM-1.jpeg","jetpack_shortlink":"https:\/\/wp.me\/p6RhLt-rzR","jetpack_sharing_enabled":true,"_links":{"self":[{"href":"https:\/\/eldiariodesanpedro.com.ar\/sitio\/wp-json\/wp\/v2\/posts\/106011","targetHints":{"allow":["GET"]}}],"collection":[{"href":"https:\/\/eldiariodesanpedro.com.ar\/sitio\/wp-json\/wp\/v2\/posts"}],"about":[{"href":"https:\/\/eldiariodesanpedro.com.ar\/sitio\/wp-json\/wp\/v2\/types\/post"}],"author":[{"embeddable":true,"href":"https:\/\/eldiariodesanpedro.com.ar\/sitio\/wp-json\/wp\/v2\/users\/4"}],"replies":[{"embeddable":true,"href":"https:\/\/eldiariodesanpedro.com.ar\/sitio\/wp-json\/wp\/v2\/comments?post=106011"}],"version-history":[{"count":2,"href":"https:\/\/eldiariodesanpedro.com.ar\/sitio\/wp-json\/wp\/v2\/posts\/106011\/revisions"}],"predecessor-version":[{"id":106017,"href":"https:\/\/eldiariodesanpedro.com.ar\/sitio\/wp-json\/wp\/v2\/posts\/106011\/revisions\/106017"}],"wp:featuredmedia":[{"embeddable":true,"href":"https:\/\/eldiariodesanpedro.com.ar\/sitio\/wp-json\/wp\/v2\/media\/106013"}],"wp:attachment":[{"href":"https:\/\/eldiariodesanpedro.com.ar\/sitio\/wp-json\/wp\/v2\/media?parent=106011"}],"wp:term":[{"taxonomy":"category","embeddable":true,"href":"https:\/\/eldiariodesanpedro.com.ar\/sitio\/wp-json\/wp\/v2\/categories?post=106011"},{"taxonomy":"post_tag","embeddable":true,"href":"https:\/\/eldiariodesanpedro.com.ar\/sitio\/wp-json\/wp\/v2\/tags?post=106011"}],"curies":[{"name":"wp","href":"https:\/\/api.w.org\/{rel}","templated":true}]}}