{"id":106007,"date":"2022-04-13T12:07:08","date_gmt":"2022-04-13T15:07:08","guid":{"rendered":"https:\/\/eldiariodesanpedro.com.ar\/sitio\/?p=106007"},"modified":"2022-04-13T12:07:08","modified_gmt":"2022-04-13T15:07:08","slug":"florencia-arietto-estan-probados-los-cinco-delitos-y-una-pena-en-expectativa-de-23-anos-para-cabaleyro-y-espindola","status":"publish","type":"post","link":"https:\/\/eldiariodesanpedro.com.ar\/sitio\/florencia-arietto-estan-probados-los-cinco-delitos-y-una-pena-en-expectativa-de-23-anos-para-cabaleyro-y-espindola\/","title":{"rendered":"Florencia Arietto: \u201cEst\u00e1n probados los cinco delitos y una pena en expectativa de 23 a\u00f1os para Cabaleyro y Espindola\u201d"},"content":{"rendered":"<!-- VideographyWP Plugin Message: Automatic video embedding prevented by plugin options. -->\n\n<p>La abogada habl\u00f3 sobre la detenci\u00f3n de los gremialistas y c\u00f3mo deber\u00eda concluir todo. A la vez confirm\u00f3 que analiza denunciar a la delegaci\u00f3n local del Ministerio de Trabajo por entender que hubo complicidad con los sindicalistas.<\/p>\n\n\n\n<p>La detenci\u00f3n de los dirigentes del sindicato de Camioneros, Maximiliano Cabaleyro y Fernando<\/p>\n\n\n\n<p>Esp\u00edndola, gener\u00f3 un verdadero cimbronazo que jam\u00e1s hubieran esperado pero que la justicia fue con firmeza y las consecuencias a esta altura de las circunstancias no guardan precedentes.<\/p>\n\n\n\n<p>La abogada Florencia Arietto es quien patrocina a la firma Rey Distribuci\u00f3n y una de las responsables de impulsar la denuncia que en su momento radic\u00f3 el Dr. Daniel Spir\u00f3pulos y que deriv\u00f3 en la detenci\u00f3n de dos sindicalistas acusados de extorsi\u00f3n por bloquear las actividades del comercio en nuestra ciudad.<\/p>\n\n\n\n<p>La profesional habl\u00f3 en el aire de FM G\u00e9nesis y se refiri\u00f3 a las decisi\u00f3n de la justicia que sin dudas marcar\u00e1 un antes y un despu\u00e9s en cuanto al accionar que alguno gremios tiene desde hace a\u00f1os.<\/p>\n\n\n\n<p>\u201cEst\u00e1n tratando de estar por sobre la justicia pero ac\u00e1 la ley se aplica, hay una causa en curso, est\u00e1n probados los cinco delitos y una pena en expectativa de 23 a\u00f1os porque se suman los m\u00e1ximos de esos cinco delitos, es decir que la pena podr\u00eda ser muy alta\u201d, remarc\u00f3 Arietto.<\/p>\n\n\n\n<p>\u201cEstamos convencidos que los vamos sacar condenados porque lo que tiene que saber la ciudadan\u00eda es que bloquear es delito, no hay ninguna circunstancia que justifique que impida a una empresa trabajar, eso no se llama paro, eso se llama extorci\u00f3n\u201d.<\/p>\n\n\n\n<p>\u201cEsta es una primera etapa cumplida, pero estamos viendo que es muy posible que pidamos que se investigue la intervenci\u00f3n de la delegaci\u00f3n del Ministerio de Trabajo de San Pedro porque consideramos que hay pruebas para demostrar que fueron c\u00f3mplices de la extorci\u00f3n para obligar a la empresa Rey a que pague una deuda que no exist\u00eda\u201d, confirm\u00f3 la abogada.<\/p>\n\n\n\n<p>\u201cLa reforma de la ley de entidades sindicales la tenemos y la vamos a meter. Antes de hablar de reforma laboral hay que hablar de reforma sindical porque sino es inviable este pa\u00eds\u201d.<\/p>\n","protected":false},"excerpt":{"rendered":"<p>La abogada habl\u00f3 sobre la detenci\u00f3n de los gremialistas y c\u00f3mo deber\u00eda concluir todo. A la vez confirm\u00f3 que analiza denunciar a la delegaci\u00f3n local del Ministerio de Trabajo por entender que hubo complicidad con los sindicalistas. La detenci\u00f3n de los dirigentes del sindicato de Camioneros, Maximiliano Cabaleyro y Fernando Esp\u00edndola, gener\u00f3 un verdadero cimbronazo [&hellip;]<\/p>\n","protected":false},"author":4,"featured_media":106009,"comment_status":"closed","ping_status":"closed","sticky":false,"template":"","format":"standard","meta":{"om_disable_all_campaigns":false,"_jetpack_memberships_contains_paid_content":false,"footnotes":""},"categories":[50,101,2],"tags":[197,696,33,19],"class_list":["post-106007","post","type-post","status-publish","format-standard","has-post-thumbnail","hentry","category-destacadas","category-interes-general-locales","category-locales","tag-buenos-aires","tag-interes-general","tag-locales","tag-san-pedro"],"aioseo_notices":[],"gutentor_comment":0,"jetpack_featured_media_url":"https:\/\/eldiariodesanpedro.com.ar\/sitio\/wp-content\/uploads\/2022\/04\/0000020812-resized-1920x1080-1.jpg","jetpack_shortlink":"https:\/\/wp.me\/p6RhLt-rzN","jetpack_sharing_enabled":true,"_links":{"self":[{"href":"https:\/\/eldiariodesanpedro.com.ar\/sitio\/wp-json\/wp\/v2\/posts\/106007","targetHints":{"allow":["GET"]}}],"collection":[{"href":"https:\/\/eldiariodesanpedro.com.ar\/sitio\/wp-json\/wp\/v2\/posts"}],"about":[{"href":"https:\/\/eldiariodesanpedro.com.ar\/sitio\/wp-json\/wp\/v2\/types\/post"}],"author":[{"embeddable":true,"href":"https:\/\/eldiariodesanpedro.com.ar\/sitio\/wp-json\/wp\/v2\/users\/4"}],"replies":[{"embeddable":true,"href":"https:\/\/eldiariodesanpedro.com.ar\/sitio\/wp-json\/wp\/v2\/comments?post=106007"}],"version-history":[{"count":1,"href":"https:\/\/eldiariodesanpedro.com.ar\/sitio\/wp-json\/wp\/v2\/posts\/106007\/revisions"}],"predecessor-version":[{"id":106010,"href":"https:\/\/eldiariodesanpedro.com.ar\/sitio\/wp-json\/wp\/v2\/posts\/106007\/revisions\/106010"}],"wp:featuredmedia":[{"embeddable":true,"href":"https:\/\/eldiariodesanpedro.com.ar\/sitio\/wp-json\/wp\/v2\/media\/106009"}],"wp:attachment":[{"href":"https:\/\/eldiariodesanpedro.com.ar\/sitio\/wp-json\/wp\/v2\/media?parent=106007"}],"wp:term":[{"taxonomy":"category","embeddable":true,"href":"https:\/\/eldiariodesanpedro.com.ar\/sitio\/wp-json\/wp\/v2\/categories?post=106007"},{"taxonomy":"post_tag","embeddable":true,"href":"https:\/\/eldiariodesanpedro.com.ar\/sitio\/wp-json\/wp\/v2\/tags?post=106007"}],"curies":[{"name":"wp","href":"https:\/\/api.w.org\/{rel}","templated":true}]}}