{"id":106002,"date":"2022-04-13T11:45:13","date_gmt":"2022-04-13T14:45:13","guid":{"rendered":"https:\/\/eldiariodesanpedro.com.ar\/sitio\/?p=106002"},"modified":"2022-04-13T11:53:48","modified_gmt":"2022-04-13T14:53:48","slug":"por-venta-de-drogas-detuvieron-a-la-entrenadora-de-futbol-selva-mendoza","status":"publish","type":"post","link":"https:\/\/eldiariodesanpedro.com.ar\/sitio\/por-venta-de-drogas-detuvieron-a-la-entrenadora-de-futbol-selva-mendoza\/","title":{"rendered":"Por venta de drogas detuvieron a la entrenadora de f\u00fatbol Selva Mendoza"},"content":{"rendered":"<!-- VideographyWP Plugin Message: Automatic video embedding prevented by plugin options. -->\n\n<p>La mujer ten\u00eda pedido de captura y estaba pr\u00f3fuga. El d\u00eda anterior hab\u00eda sido detenido su cu\u00f1ado en el marco de la misma causa y desde el a\u00f1o pasado se encontraba detenida su mam\u00e1. La mujer es conocida por su actividad en el f\u00fatbol femenino de nuestra ciudad.<\/p>\n\n\n\n<p>Mediante un operativo encabezado por el personal de la Polic\u00eda Federal de San Nicol\u00e1s se logr\u00f3 capturar a una mujer de 32 a\u00f1os qui\u00e9n se encontraba pr\u00f3fuga de la justicia acusada de comercializar estupefacientes.<\/p>\n\n\n\n<p>La acusada identificada como Selva Mendoza, domiciliada en el barrio Hermano Indio de nuestra ciudad, una reconocida entrenadora de f\u00fatbol femenino, fue detenida en las inmediaciones de 11 de septiembre y Chacabuco cu\u00e1ndo fue sorprendida por el personal policial.<\/p>\n\n\n\n<p>De inmediato Mendoza fue apresada y trasladada a la dependencia de la fuerza en San Nicol\u00e1s.<\/p>\n\n\n\n<p>La mujer estaba siendo buscada desde hace dos semanas luego de que se realizar\u00e1n distintos allanamientos y no se pudiera dar con ella. Lo mismo sucedi\u00f3 con su cu\u00f1ado Nicol\u00e1s Verd\u00f3n qui\u00e9n fue detenido el d\u00eda anterior por un hecho de motochorro que protagoniz\u00f3 en la v\u00eda p\u00fablica pero c\u00f3mo estaba siendo buscado y se encontraba pr\u00f3fugo de la justicia fue r\u00e1pidamente detenido y puesto a disposici\u00f3n de las fuerzas federales.<\/p>\n\n\n\n<p>La investigaci\u00f3n enmarca a toda la familia ya que el a\u00f1o pasado en por la misma causa la Polic\u00eda Federal hab\u00eda detenido a la madre de Selva Mendoza, una mujer conocida como Maruca Mendoza. A la vez todos estos son familiares del reconocido delincuente Gabriel \u00abel Gaby\u00bb Mendoza, qui\u00e9n cumple condena en una dependencia del Servicio Penitenciario Bonaerense acusado de distintos delitos pero es el mismo que siendo menor tambi\u00e9n protagoniz\u00f3 el asesinato del joven Aldo Daniel Pereyra en un boliche del centro de nuestra localidad y tambi\u00e9n el violento asalto sufrido por la familia incisa hace varios a\u00f1os.<\/p>\n\n\n\n<p>En el caso de Selva Mendoza ven\u00eda cumpliendo tareas como entrenadora de f\u00fatbol femenino y a pesar de encontrarse pr\u00f3fuga hasta el pasado fin de semana dirigi\u00f3 el f\u00fatbol infantil de Independencia, equipo con el cual hab\u00eda sido campeona en el \u00faltimo torneo de verano concluido hace pocas semanas.<\/p>\n\n\n\n<p>A la vez, la entrenadora, tuvo un importante protagonismo en la oficializaci\u00f3n del f\u00fatbol femenino en San Pedro cu\u00e1ndo integr\u00f3 como presidenta la subcomisi\u00f3n de f\u00fatbol femenino en la Liga Deportiva Sampedrina adem\u00e1s de integrar el cuerpo t\u00e9cnico del seleccionado que represent\u00f3 a la ciudad en el primer torneo selectivo que se desarroll\u00f3 en la provincia de Buenos Aires.<\/p>\n\n\n\n<p>Es bueno destacar que Mendoza, en su actividad como referente del f\u00fatbol femenino, siempre tuvo un comportamiento correcto y lejos se estuvo de sospechar la actividad il\u00edcita que realizaba.<\/p>\n\n\n\n<figure class=\"wp-block-image size-full\"><img decoding=\"async\" width=\"827\" height=\"529\" data-attachment-id=\"106004\" data-permalink=\"https:\/\/eldiariodesanpedro.com.ar\/sitio\/por-venta-de-drogas-detuvieron-a-la-entrenadora-de-futbol-selva-mendoza\/descarga-86\/\" data-orig-file=\"https:\/\/eldiariodesanpedro.com.ar\/sitio\/wp-content\/uploads\/2022\/04\/descarga-1.jpg\" data-orig-size=\"827,529\" data-comments-opened=\"0\" data-image-meta=\"{&quot;aperture&quot;:&quot;0&quot;,&quot;credit&quot;:&quot;&quot;,&quot;camera&quot;:&quot;&quot;,&quot;caption&quot;:&quot;&quot;,&quot;created_timestamp&quot;:&quot;0&quot;,&quot;copyright&quot;:&quot;&quot;,&quot;focal_length&quot;:&quot;0&quot;,&quot;iso&quot;:&quot;0&quot;,&quot;shutter_speed&quot;:&quot;0&quot;,&quot;title&quot;:&quot;&quot;,&quot;orientation&quot;:&quot;0&quot;}\" data-image-title=\"descarga\" data-image-description=\"\" data-image-caption=\"\" data-large-file=\"https:\/\/eldiariodesanpedro.com.ar\/sitio\/wp-content\/uploads\/2022\/04\/descarga-1.jpg\" data-src=\"https:\/\/eldiariodesanpedro.com.ar\/sitio\/wp-content\/uploads\/2022\/04\/descarga-1.jpg\" alt=\"\" class=\"wp-image-106004 lazyload\" data-srcset=\"https:\/\/eldiariodesanpedro.com.ar\/sitio\/wp-content\/uploads\/2022\/04\/descarga-1.jpg 827w, https:\/\/eldiariodesanpedro.com.ar\/sitio\/wp-content\/uploads\/2022\/04\/descarga-1-300x192.jpg 300w, https:\/\/eldiariodesanpedro.com.ar\/sitio\/wp-content\/uploads\/2022\/04\/descarga-1-768x491.jpg 768w\" data-sizes=\"(max-width: 827px) 100vw, 827px\" src=\"data:image\/svg+xml;base64,PHN2ZyB3aWR0aD0iMSIgaGVpZ2h0PSIxIiB4bWxucz0iaHR0cDovL3d3dy53My5vcmcvMjAwMC9zdmciPjwvc3ZnPg==\" style=\"--smush-placeholder-width: 827px; --smush-placeholder-aspect-ratio: 827\/529;\" \/><\/figure>\n\n\n\n<iframe data-src=\"https:\/\/www.facebook.com\/plugins\/video.php?height=314&#038;href=https%3A%2F%2Fwww.facebook.com%2Fdiariosp2%2Fvideos%2F1120756755168244%2F&#038;show_text=false&#038;width=560&#038;t=0\" width=\"560\" height=\"314\" style=\"border:none;overflow:hidden\" scrolling=\"no\" frameborder=\"0\" allowfullscreen=\"true\" allow=\"autoplay; clipboard-write; encrypted-media; picture-in-picture; web-share\" allowFullScreen=\"true\" src=\"data:image\/svg+xml;base64,PHN2ZyB3aWR0aD0iMSIgaGVpZ2h0PSIxIiB4bWxucz0iaHR0cDovL3d3dy53My5vcmcvMjAwMC9zdmciPjwvc3ZnPg==\" class=\"lazyload\" data-load-mode=\"1\"><\/iframe>\n\n\n\n<p><\/p>\n","protected":false},"excerpt":{"rendered":"<p>La mujer ten\u00eda pedido de captura y estaba pr\u00f3fuga. El d\u00eda anterior hab\u00eda sido detenido su cu\u00f1ado en el marco de la misma causa y desde el a\u00f1o pasado se encontraba detenida su mam\u00e1. La mujer es conocida por su actividad en el f\u00fatbol femenino de nuestra ciudad. Mediante un operativo encabezado por el personal [&hellip;]<\/p>\n","protected":false},"author":4,"featured_media":106003,"comment_status":"closed","ping_status":"closed","sticky":false,"template":"","format":"standard","meta":{"om_disable_all_campaigns":false,"_jetpack_memberships_contains_paid_content":false,"footnotes":""},"categories":[50,2,103],"tags":[197,33,95,19],"class_list":["post-106002","post","type-post","status-publish","format-standard","has-post-thumbnail","hentry","category-destacadas","category-locales","category-policiales-locales","tag-buenos-aires","tag-locales","tag-policiales","tag-san-pedro"],"aioseo_notices":[],"gutentor_comment":0,"jetpack_featured_media_url":"https:\/\/eldiariodesanpedro.com.ar\/sitio\/wp-content\/uploads\/2022\/04\/0000020814-resized-1920x1080-1.jpg","jetpack_shortlink":"https:\/\/wp.me\/p6RhLt-rzI","jetpack_sharing_enabled":true,"_links":{"self":[{"href":"https:\/\/eldiariodesanpedro.com.ar\/sitio\/wp-json\/wp\/v2\/posts\/106002","targetHints":{"allow":["GET"]}}],"collection":[{"href":"https:\/\/eldiariodesanpedro.com.ar\/sitio\/wp-json\/wp\/v2\/posts"}],"about":[{"href":"https:\/\/eldiariodesanpedro.com.ar\/sitio\/wp-json\/wp\/v2\/types\/post"}],"author":[{"embeddable":true,"href":"https:\/\/eldiariodesanpedro.com.ar\/sitio\/wp-json\/wp\/v2\/users\/4"}],"replies":[{"embeddable":true,"href":"https:\/\/eldiariodesanpedro.com.ar\/sitio\/wp-json\/wp\/v2\/comments?post=106002"}],"version-history":[{"count":2,"href":"https:\/\/eldiariodesanpedro.com.ar\/sitio\/wp-json\/wp\/v2\/posts\/106002\/revisions"}],"predecessor-version":[{"id":106006,"href":"https:\/\/eldiariodesanpedro.com.ar\/sitio\/wp-json\/wp\/v2\/posts\/106002\/revisions\/106006"}],"wp:featuredmedia":[{"embeddable":true,"href":"https:\/\/eldiariodesanpedro.com.ar\/sitio\/wp-json\/wp\/v2\/media\/106003"}],"wp:attachment":[{"href":"https:\/\/eldiariodesanpedro.com.ar\/sitio\/wp-json\/wp\/v2\/media?parent=106002"}],"wp:term":[{"taxonomy":"category","embeddable":true,"href":"https:\/\/eldiariodesanpedro.com.ar\/sitio\/wp-json\/wp\/v2\/categories?post=106002"},{"taxonomy":"post_tag","embeddable":true,"href":"https:\/\/eldiariodesanpedro.com.ar\/sitio\/wp-json\/wp\/v2\/tags?post=106002"}],"curies":[{"name":"wp","href":"https:\/\/api.w.org\/{rel}","templated":true}]}}