{"id":105988,"date":"2022-04-12T18:33:59","date_gmt":"2022-04-12T21:33:59","guid":{"rendered":"https:\/\/eldiariodesanpedro.com.ar\/sitio\/?p=105988"},"modified":"2022-04-12T18:34:00","modified_gmt":"2022-04-12T21:34:00","slug":"choco-a-inspectores-choco-un-patrullero-y-se-dio-a-la-fuga-lo-encontraron-en-su-casa-con-el-auto-guardado%ef%bf%bc","status":"publish","type":"post","link":"https:\/\/eldiariodesanpedro.com.ar\/sitio\/choco-a-inspectores-choco-un-patrullero-y-se-dio-a-la-fuga-lo-encontraron-en-su-casa-con-el-auto-guardado%ef%bf%bc\/","title":{"rendered":"Choc\u00f3 a inspectores, choc\u00f3 un patrullero y se dio a la fuga  lo encontraron en su casa con el auto guardado\ufffc"},"content":{"rendered":"<!-- VideographyWP Plugin Message: Automatic video embedding prevented by plugin options. -->\n\n<p>Se trata de un autom\u00f3vil Volkswagen Gol, que su conductor quiso pasar mientras se desarrollaba un corte de tr\u00e1nsito, para resguardar a los estudiantes, en Uruguay y 3 de Febrero.<\/p>\n\n\n\n<p>El hombre que iba a bordo del veh\u00edculo agredi\u00f3 a un inspector, choc\u00f3 un m\u00f3vil de inspecci\u00f3n que le trato de cerrar el paso cuando los inspectores le daban la voz de alto y se dio a la fuga.&nbsp;<\/p>\n\n\n\n<p>Finalmente, fue hallado en su domicilio ubicado en calle Depietri al 1200 ya que su mujer dio aviso donde viv\u00eda y en ese instante es que le fue secuestrado el veh\u00edculo tras largas discusiones entre polic\u00eda e inspectores y el ciudadano que infraccion\u00f3, en el lugar se hizo presente Angel Burgos quien medio con el&nbsp; joven para que entregara el rosado, con intervenci\u00f3n del Juzgado de Faltas Municipal.<\/p>\n\n\n\n<p>Seg\u00fan el joven declar\u00f3 que fue agredido f\u00edsicamente por los empleados municipales y por eso decidi\u00f3 \u201cpor miedo darse a la fuga\u201d.<\/p>\n\n\n\n<p>Todo esto pas\u00f3 en pleno horario de salida de los chicos con el peligro de atropellar a alguien como hizo con los inspectores y el autom\u00f3vil de inspecci\u00f3n.<\/p>\n\n\n\n<p>El veh\u00edculo fue secuestrado y trasladado al dep\u00f3sito municipal donde tendr\u00e1 que hablar con el juez para recuperar su rodado.<\/p>\n\n\n\n<figure class=\"wp-block-image size-large\"><img decoding=\"async\" width=\"1024\" height=\"576\" data-attachment-id=\"105993\" data-permalink=\"https:\/\/eldiariodesanpedro.com.ar\/sitio\/choco-a-inspectores-choco-un-patrullero-y-se-dio-a-la-fuga-lo-encontraron-en-su-casa-con-el-auto-guardado%ef%bf%bc\/whatsapp-image-2022-04-12-at-6-24-50-pm\/\" data-orig-file=\"https:\/\/eldiariodesanpedro.com.ar\/sitio\/wp-content\/uploads\/2022\/04\/WhatsApp-Image-2022-04-12-at-6.24.50-PM.jpeg\" data-orig-size=\"1120,630\" data-comments-opened=\"0\" data-image-meta=\"{&quot;aperture&quot;:&quot;0&quot;,&quot;credit&quot;:&quot;&quot;,&quot;camera&quot;:&quot;&quot;,&quot;caption&quot;:&quot;&quot;,&quot;created_timestamp&quot;:&quot;0&quot;,&quot;copyright&quot;:&quot;&quot;,&quot;focal_length&quot;:&quot;0&quot;,&quot;iso&quot;:&quot;0&quot;,&quot;shutter_speed&quot;:&quot;0&quot;,&quot;title&quot;:&quot;&quot;,&quot;orientation&quot;:&quot;0&quot;}\" data-image-title=\"WhatsApp Image 2022-04-12 at 6.24.50 PM\" data-image-description=\"\" data-image-caption=\"\" data-large-file=\"https:\/\/eldiariodesanpedro.com.ar\/sitio\/wp-content\/uploads\/2022\/04\/WhatsApp-Image-2022-04-12-at-6.24.50-PM-1024x576.jpeg\" data-src=\"https:\/\/eldiariodesanpedro.com.ar\/sitio\/wp-content\/uploads\/2022\/04\/WhatsApp-Image-2022-04-12-at-6.24.50-PM-1024x576.jpeg\" alt=\"\" class=\"wp-image-105993 lazyload\" data-srcset=\"https:\/\/eldiariodesanpedro.com.ar\/sitio\/wp-content\/uploads\/2022\/04\/WhatsApp-Image-2022-04-12-at-6.24.50-PM-1024x576.jpeg 1024w, https:\/\/eldiariodesanpedro.com.ar\/sitio\/wp-content\/uploads\/2022\/04\/WhatsApp-Image-2022-04-12-at-6.24.50-PM-300x169.jpeg 300w, https:\/\/eldiariodesanpedro.com.ar\/sitio\/wp-content\/uploads\/2022\/04\/WhatsApp-Image-2022-04-12-at-6.24.50-PM-768x432.jpeg 768w, https:\/\/eldiariodesanpedro.com.ar\/sitio\/wp-content\/uploads\/2022\/04\/WhatsApp-Image-2022-04-12-at-6.24.50-PM.jpeg 1120w\" data-sizes=\"(max-width: 1024px) 100vw, 1024px\" src=\"data:image\/svg+xml;base64,PHN2ZyB3aWR0aD0iMSIgaGVpZ2h0PSIxIiB4bWxucz0iaHR0cDovL3d3dy53My5vcmcvMjAwMC9zdmciPjwvc3ZnPg==\" style=\"--smush-placeholder-width: 1024px; --smush-placeholder-aspect-ratio: 1024\/576;\" \/><\/figure>\n\n\n\n<figure class=\"wp-block-image size-large\"><img decoding=\"async\" width=\"1024\" height=\"576\" data-attachment-id=\"105991\" data-permalink=\"https:\/\/eldiariodesanpedro.com.ar\/sitio\/choco-a-inspectores-choco-un-patrullero-y-se-dio-a-la-fuga-lo-encontraron-en-su-casa-con-el-auto-guardado%ef%bf%bc\/whatsapp-image-2022-04-12-at-6-24-49-pm-1\/\" data-orig-file=\"https:\/\/eldiariodesanpedro.com.ar\/sitio\/wp-content\/uploads\/2022\/04\/WhatsApp-Image-2022-04-12-at-6.24.49-PM-1.jpeg\" data-orig-size=\"1120,630\" data-comments-opened=\"0\" data-image-meta=\"{&quot;aperture&quot;:&quot;0&quot;,&quot;credit&quot;:&quot;&quot;,&quot;camera&quot;:&quot;&quot;,&quot;caption&quot;:&quot;&quot;,&quot;created_timestamp&quot;:&quot;0&quot;,&quot;copyright&quot;:&quot;&quot;,&quot;focal_length&quot;:&quot;0&quot;,&quot;iso&quot;:&quot;0&quot;,&quot;shutter_speed&quot;:&quot;0&quot;,&quot;title&quot;:&quot;&quot;,&quot;orientation&quot;:&quot;0&quot;}\" data-image-title=\"WhatsApp Image 2022-04-12 at 6.24.49 PM (1)\" data-image-description=\"\" data-image-caption=\"\" data-large-file=\"https:\/\/eldiariodesanpedro.com.ar\/sitio\/wp-content\/uploads\/2022\/04\/WhatsApp-Image-2022-04-12-at-6.24.49-PM-1-1024x576.jpeg\" data-src=\"https:\/\/eldiariodesanpedro.com.ar\/sitio\/wp-content\/uploads\/2022\/04\/WhatsApp-Image-2022-04-12-at-6.24.49-PM-1-1024x576.jpeg\" alt=\"\" class=\"wp-image-105991 lazyload\" data-srcset=\"https:\/\/eldiariodesanpedro.com.ar\/sitio\/wp-content\/uploads\/2022\/04\/WhatsApp-Image-2022-04-12-at-6.24.49-PM-1-1024x576.jpeg 1024w, https:\/\/eldiariodesanpedro.com.ar\/sitio\/wp-content\/uploads\/2022\/04\/WhatsApp-Image-2022-04-12-at-6.24.49-PM-1-300x169.jpeg 300w, https:\/\/eldiariodesanpedro.com.ar\/sitio\/wp-content\/uploads\/2022\/04\/WhatsApp-Image-2022-04-12-at-6.24.49-PM-1-768x432.jpeg 768w, https:\/\/eldiariodesanpedro.com.ar\/sitio\/wp-content\/uploads\/2022\/04\/WhatsApp-Image-2022-04-12-at-6.24.49-PM-1.jpeg 1120w\" data-sizes=\"(max-width: 1024px) 100vw, 1024px\" src=\"data:image\/svg+xml;base64,PHN2ZyB3aWR0aD0iMSIgaGVpZ2h0PSIxIiB4bWxucz0iaHR0cDovL3d3dy53My5vcmcvMjAwMC9zdmciPjwvc3ZnPg==\" style=\"--smush-placeholder-width: 1024px; --smush-placeholder-aspect-ratio: 1024\/576;\" \/><\/figure>\n\n\n\n<figure class=\"wp-block-image size-large\"><img decoding=\"async\" width=\"1024\" height=\"576\" data-attachment-id=\"105990\" data-permalink=\"https:\/\/eldiariodesanpedro.com.ar\/sitio\/choco-a-inspectores-choco-un-patrullero-y-se-dio-a-la-fuga-lo-encontraron-en-su-casa-con-el-auto-guardado%ef%bf%bc\/whatsapp-image-2022-04-12-at-6-24-42-pm\/\" data-orig-file=\"https:\/\/eldiariodesanpedro.com.ar\/sitio\/wp-content\/uploads\/2022\/04\/WhatsApp-Image-2022-04-12-at-6.24.42-PM.jpeg\" data-orig-size=\"1120,630\" data-comments-opened=\"0\" data-image-meta=\"{&quot;aperture&quot;:&quot;0&quot;,&quot;credit&quot;:&quot;&quot;,&quot;camera&quot;:&quot;&quot;,&quot;caption&quot;:&quot;&quot;,&quot;created_timestamp&quot;:&quot;0&quot;,&quot;copyright&quot;:&quot;&quot;,&quot;focal_length&quot;:&quot;0&quot;,&quot;iso&quot;:&quot;0&quot;,&quot;shutter_speed&quot;:&quot;0&quot;,&quot;title&quot;:&quot;&quot;,&quot;orientation&quot;:&quot;0&quot;}\" data-image-title=\"WhatsApp Image 2022-04-12 at 6.24.42 PM\" data-image-description=\"\" data-image-caption=\"\" data-large-file=\"https:\/\/eldiariodesanpedro.com.ar\/sitio\/wp-content\/uploads\/2022\/04\/WhatsApp-Image-2022-04-12-at-6.24.42-PM-1024x576.jpeg\" data-src=\"https:\/\/eldiariodesanpedro.com.ar\/sitio\/wp-content\/uploads\/2022\/04\/WhatsApp-Image-2022-04-12-at-6.24.42-PM-1024x576.jpeg\" alt=\"\" class=\"wp-image-105990 lazyload\" data-srcset=\"https:\/\/eldiariodesanpedro.com.ar\/sitio\/wp-content\/uploads\/2022\/04\/WhatsApp-Image-2022-04-12-at-6.24.42-PM-1024x576.jpeg 1024w, https:\/\/eldiariodesanpedro.com.ar\/sitio\/wp-content\/uploads\/2022\/04\/WhatsApp-Image-2022-04-12-at-6.24.42-PM-300x169.jpeg 300w, https:\/\/eldiariodesanpedro.com.ar\/sitio\/wp-content\/uploads\/2022\/04\/WhatsApp-Image-2022-04-12-at-6.24.42-PM-768x432.jpeg 768w, https:\/\/eldiariodesanpedro.com.ar\/sitio\/wp-content\/uploads\/2022\/04\/WhatsApp-Image-2022-04-12-at-6.24.42-PM.jpeg 1120w\" data-sizes=\"(max-width: 1024px) 100vw, 1024px\" src=\"data:image\/svg+xml;base64,PHN2ZyB3aWR0aD0iMSIgaGVpZ2h0PSIxIiB4bWxucz0iaHR0cDovL3d3dy53My5vcmcvMjAwMC9zdmciPjwvc3ZnPg==\" style=\"--smush-placeholder-width: 1024px; --smush-placeholder-aspect-ratio: 1024\/576;\" \/><\/figure>\n\n\n\n<figure class=\"wp-block-image size-large\"><img decoding=\"async\" width=\"1024\" height=\"576\" data-attachment-id=\"105992\" data-permalink=\"https:\/\/eldiariodesanpedro.com.ar\/sitio\/choco-a-inspectores-choco-un-patrullero-y-se-dio-a-la-fuga-lo-encontraron-en-su-casa-con-el-auto-guardado%ef%bf%bc\/whatsapp-image-2022-04-12-at-6-24-49-pm\/\" data-orig-file=\"https:\/\/eldiariodesanpedro.com.ar\/sitio\/wp-content\/uploads\/2022\/04\/WhatsApp-Image-2022-04-12-at-6.24.49-PM.jpeg\" data-orig-size=\"1120,630\" data-comments-opened=\"0\" data-image-meta=\"{&quot;aperture&quot;:&quot;0&quot;,&quot;credit&quot;:&quot;&quot;,&quot;camera&quot;:&quot;&quot;,&quot;caption&quot;:&quot;&quot;,&quot;created_timestamp&quot;:&quot;0&quot;,&quot;copyright&quot;:&quot;&quot;,&quot;focal_length&quot;:&quot;0&quot;,&quot;iso&quot;:&quot;0&quot;,&quot;shutter_speed&quot;:&quot;0&quot;,&quot;title&quot;:&quot;&quot;,&quot;orientation&quot;:&quot;0&quot;}\" data-image-title=\"WhatsApp Image 2022-04-12 at 6.24.49 PM\" data-image-description=\"\" data-image-caption=\"\" data-large-file=\"https:\/\/eldiariodesanpedro.com.ar\/sitio\/wp-content\/uploads\/2022\/04\/WhatsApp-Image-2022-04-12-at-6.24.49-PM-1024x576.jpeg\" data-src=\"https:\/\/eldiariodesanpedro.com.ar\/sitio\/wp-content\/uploads\/2022\/04\/WhatsApp-Image-2022-04-12-at-6.24.49-PM-1024x576.jpeg\" alt=\"\" class=\"wp-image-105992 lazyload\" data-srcset=\"https:\/\/eldiariodesanpedro.com.ar\/sitio\/wp-content\/uploads\/2022\/04\/WhatsApp-Image-2022-04-12-at-6.24.49-PM-1024x576.jpeg 1024w, https:\/\/eldiariodesanpedro.com.ar\/sitio\/wp-content\/uploads\/2022\/04\/WhatsApp-Image-2022-04-12-at-6.24.49-PM-300x169.jpeg 300w, https:\/\/eldiariodesanpedro.com.ar\/sitio\/wp-content\/uploads\/2022\/04\/WhatsApp-Image-2022-04-12-at-6.24.49-PM-768x432.jpeg 768w, https:\/\/eldiariodesanpedro.com.ar\/sitio\/wp-content\/uploads\/2022\/04\/WhatsApp-Image-2022-04-12-at-6.24.49-PM.jpeg 1120w\" data-sizes=\"(max-width: 1024px) 100vw, 1024px\" src=\"data:image\/svg+xml;base64,PHN2ZyB3aWR0aD0iMSIgaGVpZ2h0PSIxIiB4bWxucz0iaHR0cDovL3d3dy53My5vcmcvMjAwMC9zdmciPjwvc3ZnPg==\" style=\"--smush-placeholder-width: 1024px; --smush-placeholder-aspect-ratio: 1024\/576;\" \/><\/figure>\n","protected":false},"excerpt":{"rendered":"<p>Se trata de un autom\u00f3vil Volkswagen Gol, que su conductor quiso pasar mientras se desarrollaba un corte de tr\u00e1nsito, para resguardar a los estudiantes, en Uruguay y 3 de Febrero. El hombre que iba a bordo del veh\u00edculo agredi\u00f3 a un inspector, choc\u00f3 un m\u00f3vil de inspecci\u00f3n que le trato de cerrar el paso cuando [&hellip;]<\/p>\n","protected":false},"author":4,"featured_media":105989,"comment_status":"closed","ping_status":"closed","sticky":false,"template":"","format":"standard","meta":{"om_disable_all_campaigns":false,"_jetpack_memberships_contains_paid_content":false,"footnotes":""},"categories":[50,2,103],"tags":[197,696,33,19],"class_list":["post-105988","post","type-post","status-publish","format-standard","has-post-thumbnail","hentry","category-destacadas","category-locales","category-policiales-locales","tag-buenos-aires","tag-interes-general","tag-locales","tag-san-pedro"],"aioseo_notices":[],"gutentor_comment":0,"jetpack_featured_media_url":"https:\/\/eldiariodesanpedro.com.ar\/sitio\/wp-content\/uploads\/2022\/04\/WhatsApp-Image-2022-04-12-at-6.24.42-PM-1.jpeg","jetpack_shortlink":"https:\/\/wp.me\/p6RhLt-rzu","jetpack_sharing_enabled":true,"_links":{"self":[{"href":"https:\/\/eldiariodesanpedro.com.ar\/sitio\/wp-json\/wp\/v2\/posts\/105988","targetHints":{"allow":["GET"]}}],"collection":[{"href":"https:\/\/eldiariodesanpedro.com.ar\/sitio\/wp-json\/wp\/v2\/posts"}],"about":[{"href":"https:\/\/eldiariodesanpedro.com.ar\/sitio\/wp-json\/wp\/v2\/types\/post"}],"author":[{"embeddable":true,"href":"https:\/\/eldiariodesanpedro.com.ar\/sitio\/wp-json\/wp\/v2\/users\/4"}],"replies":[{"embeddable":true,"href":"https:\/\/eldiariodesanpedro.com.ar\/sitio\/wp-json\/wp\/v2\/comments?post=105988"}],"version-history":[{"count":1,"href":"https:\/\/eldiariodesanpedro.com.ar\/sitio\/wp-json\/wp\/v2\/posts\/105988\/revisions"}],"predecessor-version":[{"id":105994,"href":"https:\/\/eldiariodesanpedro.com.ar\/sitio\/wp-json\/wp\/v2\/posts\/105988\/revisions\/105994"}],"wp:featuredmedia":[{"embeddable":true,"href":"https:\/\/eldiariodesanpedro.com.ar\/sitio\/wp-json\/wp\/v2\/media\/105989"}],"wp:attachment":[{"href":"https:\/\/eldiariodesanpedro.com.ar\/sitio\/wp-json\/wp\/v2\/media?parent=105988"}],"wp:term":[{"taxonomy":"category","embeddable":true,"href":"https:\/\/eldiariodesanpedro.com.ar\/sitio\/wp-json\/wp\/v2\/categories?post=105988"},{"taxonomy":"post_tag","embeddable":true,"href":"https:\/\/eldiariodesanpedro.com.ar\/sitio\/wp-json\/wp\/v2\/tags?post=105988"}],"curies":[{"name":"wp","href":"https:\/\/api.w.org\/{rel}","templated":true}]}}