{"id":105982,"date":"2022-04-12T18:17:20","date_gmt":"2022-04-12T21:17:20","guid":{"rendered":"https:\/\/eldiariodesanpedro.com.ar\/sitio\/?p=105982"},"modified":"2022-04-12T18:17:21","modified_gmt":"2022-04-12T21:17:21","slug":"manana-se-realizara-la-campana-publica-de-vacunacion-antigripal-junto-a-pami-anses-y-el-colegio-de-farmaceuticos","status":"publish","type":"post","link":"https:\/\/eldiariodesanpedro.com.ar\/sitio\/manana-se-realizara-la-campana-publica-de-vacunacion-antigripal-junto-a-pami-anses-y-el-colegio-de-farmaceuticos\/","title":{"rendered":"Ma\u00f1ana se realizara la campa\u00f1a p\u00fablica de vacunaci\u00f3n antigripal junto a PAMI ANSES y el Colegio de Farmac\u00e9uticos"},"content":{"rendered":"<!-- VideographyWP Plugin Message: Automatic video embedding prevented by plugin options. -->\n\n<p>La Municipalidad de San Pedro coordinar\u00e1 desde la Secretar\u00eda de Salud y junto al Colegio de Farmac\u00e9uticos, PAMI y ANSES una campa\u00f1a intensiva para la aplicaci\u00f3n de la vacuna antigripal y las comprendidas en el esquema obligatorio.<\/p>\n\n\n\n<p>Ma\u00f1ana 13 de abril desde las 9 sobre calle Balcarce frente a ANSES se repetir\u00e1 la modalidad de posta itinerante, como la del D\u00eda de la Salud.<\/p>\n\n\n\n<p>Operativos similares se ir\u00e1n implementando en centros de salud y localidades, para cumplir con el objetivo de alcanzar a la mayor cantidad de poblaci\u00f3n posible.<\/p>\n\n\n\n<p>En las farmacias la vacuna estar\u00e1 disponible para los afiliados de PAMI de manera gratuita pero adem\u00e1s tambi\u00e9n podr\u00e1n concurrir a la posta planificada para ma\u00f1ana y en lo sucesivo a las convocatorias p\u00fablicas que se ir\u00e1n realizando.<\/p>\n\n\n\n<p>Estas acciones de v\u00eda p\u00fablica est\u00e1n orientadas a quienes pueden movilizarse pero adem\u00e1s se habilit\u00f3 un mecanismo a trav\u00e9s del cual podr\u00e1n informar los datos de las personas que no puedan concurrir por internaciones domiciliarias, mujeres embarazadas, ni\u00f1os\/as de 6 a 24 meses y otros\/as que no cuenten con posibilidades de acercarse a CAPS y\/o postas de testeos. En el sitio web www.sanpedro.gob.ar se encuentra un formulario de inscripci\u00f3n para facilitar la aplicaci\u00f3n de la vacuna en esta poblaci\u00f3n que ser\u00e1 contactada por personal del equipo de Salud.<\/p>\n\n\n\n<p>Durante la presentaci\u00f3n se destac\u00f3 que en San Pedro hay m\u00e1s de 12 personas mayores de 65 a\u00f1os y que la estrategia es tratar de llegar por todas las v\u00edas posibles a la mayor cantidad de ellos, adem\u00e1s de las pu\u00e9rperas y embarazadas y los ni\u00f1os entre 6 y 24 meses.<\/p>\n\n\n\n<p>En la conferencia de prensa de hoy participaron el Secretario de Salud Pablo Piquioni, la Coordinadora de Vacunaci\u00f3n Silvana Morales, el Director de Atenci\u00f3n Primaria de la Salud Gabriel Sayago, la titular de la UDAI San Pedro de ANSES Tamara Vlaeminck, la titular de la delegaci\u00f3n local de PAMI Cecilia V\u00e1zquez y la Presidente del Colegio de Farmac\u00e9uticos, Estela Ronte.<\/p>\n\n\n\n<p>A trav\u00e9s de las redes sociales oficiales se ir\u00e1 informando progresivamente la evoluci\u00f3n de la campa\u00f1a.<\/p>\n\n\n\n<figure class=\"wp-block-image size-full\"><img decoding=\"async\" width=\"918\" height=\"478\" data-attachment-id=\"105984\" data-permalink=\"https:\/\/eldiariodesanpedro.com.ar\/sitio\/manana-se-realizara-la-campana-publica-de-vacunacion-antigripal-junto-a-pami-anses-y-el-colegio-de-farmaceuticos\/whatsapp-image-2022-04-12-at-6-06-16-pm-2\/\" data-orig-file=\"https:\/\/eldiariodesanpedro.com.ar\/sitio\/wp-content\/uploads\/2022\/04\/WhatsApp-Image-2022-04-12-at-6.06.16-PM-2.jpeg\" data-orig-size=\"918,478\" data-comments-opened=\"0\" data-image-meta=\"{&quot;aperture&quot;:&quot;0&quot;,&quot;credit&quot;:&quot;&quot;,&quot;camera&quot;:&quot;&quot;,&quot;caption&quot;:&quot;&quot;,&quot;created_timestamp&quot;:&quot;0&quot;,&quot;copyright&quot;:&quot;&quot;,&quot;focal_length&quot;:&quot;0&quot;,&quot;iso&quot;:&quot;0&quot;,&quot;shutter_speed&quot;:&quot;0&quot;,&quot;title&quot;:&quot;&quot;,&quot;orientation&quot;:&quot;0&quot;}\" data-image-title=\"WhatsApp Image 2022-04-12 at 6.06.16 PM (2)\" data-image-description=\"\" data-image-caption=\"\" data-large-file=\"https:\/\/eldiariodesanpedro.com.ar\/sitio\/wp-content\/uploads\/2022\/04\/WhatsApp-Image-2022-04-12-at-6.06.16-PM-2.jpeg\" data-src=\"https:\/\/eldiariodesanpedro.com.ar\/sitio\/wp-content\/uploads\/2022\/04\/WhatsApp-Image-2022-04-12-at-6.06.16-PM-2.jpeg\" alt=\"\" class=\"wp-image-105984 lazyload\" data-srcset=\"https:\/\/eldiariodesanpedro.com.ar\/sitio\/wp-content\/uploads\/2022\/04\/WhatsApp-Image-2022-04-12-at-6.06.16-PM-2.jpeg 918w, https:\/\/eldiariodesanpedro.com.ar\/sitio\/wp-content\/uploads\/2022\/04\/WhatsApp-Image-2022-04-12-at-6.06.16-PM-2-300x156.jpeg 300w, https:\/\/eldiariodesanpedro.com.ar\/sitio\/wp-content\/uploads\/2022\/04\/WhatsApp-Image-2022-04-12-at-6.06.16-PM-2-768x400.jpeg 768w\" data-sizes=\"(max-width: 918px) 100vw, 918px\" src=\"data:image\/svg+xml;base64,PHN2ZyB3aWR0aD0iMSIgaGVpZ2h0PSIxIiB4bWxucz0iaHR0cDovL3d3dy53My5vcmcvMjAwMC9zdmciPjwvc3ZnPg==\" style=\"--smush-placeholder-width: 918px; --smush-placeholder-aspect-ratio: 918\/478;\" \/><\/figure>\n\n\n\n<figure class=\"wp-block-image size-full\"><img decoding=\"async\" width=\"630\" height=\"630\" data-attachment-id=\"105986\" data-permalink=\"https:\/\/eldiariodesanpedro.com.ar\/sitio\/manana-se-realizara-la-campana-publica-de-vacunacion-antigripal-junto-a-pami-anses-y-el-colegio-de-farmaceuticos\/whatsapp-image-2022-04-12-at-6-06-17-pm\/\" data-orig-file=\"https:\/\/eldiariodesanpedro.com.ar\/sitio\/wp-content\/uploads\/2022\/04\/WhatsApp-Image-2022-04-12-at-6.06.17-PM.jpeg\" data-orig-size=\"630,630\" data-comments-opened=\"0\" data-image-meta=\"{&quot;aperture&quot;:&quot;0&quot;,&quot;credit&quot;:&quot;&quot;,&quot;camera&quot;:&quot;&quot;,&quot;caption&quot;:&quot;&quot;,&quot;created_timestamp&quot;:&quot;0&quot;,&quot;copyright&quot;:&quot;&quot;,&quot;focal_length&quot;:&quot;0&quot;,&quot;iso&quot;:&quot;0&quot;,&quot;shutter_speed&quot;:&quot;0&quot;,&quot;title&quot;:&quot;&quot;,&quot;orientation&quot;:&quot;0&quot;}\" data-image-title=\"WhatsApp Image 2022-04-12 at 6.06.17 PM\" data-image-description=\"\" data-image-caption=\"\" data-large-file=\"https:\/\/eldiariodesanpedro.com.ar\/sitio\/wp-content\/uploads\/2022\/04\/WhatsApp-Image-2022-04-12-at-6.06.17-PM.jpeg\" data-src=\"https:\/\/eldiariodesanpedro.com.ar\/sitio\/wp-content\/uploads\/2022\/04\/WhatsApp-Image-2022-04-12-at-6.06.17-PM.jpeg\" alt=\"\" class=\"wp-image-105986 lazyload\" data-srcset=\"https:\/\/eldiariodesanpedro.com.ar\/sitio\/wp-content\/uploads\/2022\/04\/WhatsApp-Image-2022-04-12-at-6.06.17-PM.jpeg 630w, https:\/\/eldiariodesanpedro.com.ar\/sitio\/wp-content\/uploads\/2022\/04\/WhatsApp-Image-2022-04-12-at-6.06.17-PM-300x300.jpeg 300w, https:\/\/eldiariodesanpedro.com.ar\/sitio\/wp-content\/uploads\/2022\/04\/WhatsApp-Image-2022-04-12-at-6.06.17-PM-150x150.jpeg 150w\" data-sizes=\"(max-width: 630px) 100vw, 630px\" src=\"data:image\/svg+xml;base64,PHN2ZyB3aWR0aD0iMSIgaGVpZ2h0PSIxIiB4bWxucz0iaHR0cDovL3d3dy53My5vcmcvMjAwMC9zdmciPjwvc3ZnPg==\" style=\"--smush-placeholder-width: 630px; --smush-placeholder-aspect-ratio: 630\/630;\" \/><\/figure>\n","protected":false},"excerpt":{"rendered":"<p>La Municipalidad de San Pedro coordinar\u00e1 desde la Secretar\u00eda de Salud y junto al Colegio de Farmac\u00e9uticos, PAMI y ANSES una campa\u00f1a intensiva para la aplicaci\u00f3n de la vacuna antigripal y las comprendidas en el esquema obligatorio. Ma\u00f1ana 13 de abril desde las 9 sobre calle Balcarce frente a ANSES se repetir\u00e1 la modalidad de [&hellip;]<\/p>\n","protected":false},"author":4,"featured_media":105985,"comment_status":"closed","ping_status":"closed","sticky":false,"template":"","format":"standard","meta":{"om_disable_all_campaigns":false,"_jetpack_memberships_contains_paid_content":false,"footnotes":""},"categories":[50,101,2],"tags":[197,696,33,19],"class_list":["post-105982","post","type-post","status-publish","format-standard","has-post-thumbnail","hentry","category-destacadas","category-interes-general-locales","category-locales","tag-buenos-aires","tag-interes-general","tag-locales","tag-san-pedro"],"aioseo_notices":[],"gutentor_comment":0,"jetpack_featured_media_url":"https:\/\/eldiariodesanpedro.com.ar\/sitio\/wp-content\/uploads\/2022\/04\/WhatsApp-Image-2022-04-12-at-6.06.16-PM.jpeg","jetpack_shortlink":"https:\/\/wp.me\/p6RhLt-rzo","jetpack_sharing_enabled":true,"_links":{"self":[{"href":"https:\/\/eldiariodesanpedro.com.ar\/sitio\/wp-json\/wp\/v2\/posts\/105982","targetHints":{"allow":["GET"]}}],"collection":[{"href":"https:\/\/eldiariodesanpedro.com.ar\/sitio\/wp-json\/wp\/v2\/posts"}],"about":[{"href":"https:\/\/eldiariodesanpedro.com.ar\/sitio\/wp-json\/wp\/v2\/types\/post"}],"author":[{"embeddable":true,"href":"https:\/\/eldiariodesanpedro.com.ar\/sitio\/wp-json\/wp\/v2\/users\/4"}],"replies":[{"embeddable":true,"href":"https:\/\/eldiariodesanpedro.com.ar\/sitio\/wp-json\/wp\/v2\/comments?post=105982"}],"version-history":[{"count":1,"href":"https:\/\/eldiariodesanpedro.com.ar\/sitio\/wp-json\/wp\/v2\/posts\/105982\/revisions"}],"predecessor-version":[{"id":105987,"href":"https:\/\/eldiariodesanpedro.com.ar\/sitio\/wp-json\/wp\/v2\/posts\/105982\/revisions\/105987"}],"wp:featuredmedia":[{"embeddable":true,"href":"https:\/\/eldiariodesanpedro.com.ar\/sitio\/wp-json\/wp\/v2\/media\/105985"}],"wp:attachment":[{"href":"https:\/\/eldiariodesanpedro.com.ar\/sitio\/wp-json\/wp\/v2\/media?parent=105982"}],"wp:term":[{"taxonomy":"category","embeddable":true,"href":"https:\/\/eldiariodesanpedro.com.ar\/sitio\/wp-json\/wp\/v2\/categories?post=105982"},{"taxonomy":"post_tag","embeddable":true,"href":"https:\/\/eldiariodesanpedro.com.ar\/sitio\/wp-json\/wp\/v2\/tags?post=105982"}],"curies":[{"name":"wp","href":"https:\/\/api.w.org\/{rel}","templated":true}]}}