{"id":10597,"date":"2016-11-23T20:24:47","date_gmt":"2016-11-23T23:24:47","guid":{"rendered":"https:\/\/eldiariodesanpedro.com.ar\/sitio\/?p=10597"},"modified":"2016-11-23T20:24:47","modified_gmt":"2016-11-23T23:24:47","slug":"la-unsada-presento-oficialmente-la-oferta-academica-para-el-2017","status":"publish","type":"post","link":"https:\/\/eldiariodesanpedro.com.ar\/sitio\/la-unsada-presento-oficialmente-la-oferta-academica-para-el-2017\/","title":{"rendered":"La UNSAdA present\u00f3 oficialmente la oferta acad\u00e9mica para el 2017"},"content":{"rendered":"<p><!-- VideographyWP Plugin Message: Automatic video embedding prevented by plugin options. --><br \/>\nLa Universidad Nacional de San Antonio de Areco present\u00f3 las primeras carreras de la instituci\u00f3n educativa, orgullo de la regi\u00f3n, en una conferencia de prensa en el Centro Universitario Areco. La propuesta acad\u00e9mica incluye m\u00e1s de 10 carreras de grado y tecnicaturas relacionadas directamente con el agregado de valor a los procesos productivos que se desarrollan en la zona.<\/p>\n<p>La UNSAdA contar\u00e1 con dos escuelas, una de Desarrollo Productivo y Tecnol\u00f3gico y otra de Desarrollo Social y Humano que dictar\u00e1n, entre otras, las licenciaturas en Inform\u00e1tica y en Econom\u00eda y la Ingenier\u00eda en Producci\u00f3n Agropecuaria. \u201cCuanto m\u00e1s abrazada est\u00e9 la universidad por el pueblo de Areco y la regi\u00f3n, mejor nos va a ir a todos\u201d, enfatiz\u00f3 durante la conferencia de prensa el intendente Dura\u00f1ona en el edificio del Centro Universitario Areco.<\/p>\n<p>La inscripci\u00f3n est\u00e1 abierta y puede realizarse a trav\u00e9s del sitio web de la universidad (<a href=\"http:\/\/www.unsada.edu.ar\" target=\"_blank\">www.unsada.edu.ar<\/a>), en la sede de su rectorado (G\u00fciraldes y Aubain) y en el Centro Universitario Areco (Quetgles y Rivadavia) o comunic\u00e1ndose a los tel\u00e9fonos (02326) 455025, (02326) 453079 o los correos electr\u00f3nicos alumnos@unsada.com.ar o centrouniversitarioareco@gmail.com<\/p>\n","protected":false},"excerpt":{"rendered":"<p>La Universidad Nacional de San Antonio de Areco present\u00f3 las primeras carreras de la instituci\u00f3n educativa, orgullo de la regi\u00f3n, en una conferencia de prensa en el Centro Universitario Areco. La propuesta acad\u00e9mica incluye m\u00e1s de 10 carreras de grado y tecnicaturas relacionadas directamente con el agregado de valor a los procesos productivos que se [&hellip;]<\/p>\n","protected":false},"author":4,"featured_media":10598,"comment_status":"open","ping_status":"closed","sticky":false,"template":"","format":"standard","meta":{"om_disable_all_campaigns":false,"_jetpack_memberships_contains_paid_content":false,"footnotes":""},"categories":[621],"tags":[],"class_list":["post-10597","post","type-post","status-publish","format-standard","has-post-thumbnail","hentry","category-regionales"],"aioseo_notices":[],"gutentor_comment":0,"jetpack_featured_media_url":"https:\/\/eldiariodesanpedro.com.ar\/sitio\/wp-content\/uploads\/2016\/11\/Ainchil-Dura\u00f1ona-y-Leighton-en-el-CUA.jpg","jetpack_shortlink":"https:\/\/wp.me\/p6RhLt-2KV","jetpack_sharing_enabled":true,"_links":{"self":[{"href":"https:\/\/eldiariodesanpedro.com.ar\/sitio\/wp-json\/wp\/v2\/posts\/10597","targetHints":{"allow":["GET"]}}],"collection":[{"href":"https:\/\/eldiariodesanpedro.com.ar\/sitio\/wp-json\/wp\/v2\/posts"}],"about":[{"href":"https:\/\/eldiariodesanpedro.com.ar\/sitio\/wp-json\/wp\/v2\/types\/post"}],"author":[{"embeddable":true,"href":"https:\/\/eldiariodesanpedro.com.ar\/sitio\/wp-json\/wp\/v2\/users\/4"}],"replies":[{"embeddable":true,"href":"https:\/\/eldiariodesanpedro.com.ar\/sitio\/wp-json\/wp\/v2\/comments?post=10597"}],"version-history":[{"count":1,"href":"https:\/\/eldiariodesanpedro.com.ar\/sitio\/wp-json\/wp\/v2\/posts\/10597\/revisions"}],"predecessor-version":[{"id":10599,"href":"https:\/\/eldiariodesanpedro.com.ar\/sitio\/wp-json\/wp\/v2\/posts\/10597\/revisions\/10599"}],"wp:featuredmedia":[{"embeddable":true,"href":"https:\/\/eldiariodesanpedro.com.ar\/sitio\/wp-json\/wp\/v2\/media\/10598"}],"wp:attachment":[{"href":"https:\/\/eldiariodesanpedro.com.ar\/sitio\/wp-json\/wp\/v2\/media?parent=10597"}],"wp:term":[{"taxonomy":"category","embeddable":true,"href":"https:\/\/eldiariodesanpedro.com.ar\/sitio\/wp-json\/wp\/v2\/categories?post=10597"},{"taxonomy":"post_tag","embeddable":true,"href":"https:\/\/eldiariodesanpedro.com.ar\/sitio\/wp-json\/wp\/v2\/tags?post=10597"}],"curies":[{"name":"wp","href":"https:\/\/api.w.org\/{rel}","templated":true}]}}