{"id":105958,"date":"2022-04-12T14:34:07","date_gmt":"2022-04-12T17:34:07","guid":{"rendered":"https:\/\/eldiariodesanpedro.com.ar\/sitio\/?p=105958"},"modified":"2022-04-12T14:34:08","modified_gmt":"2022-04-12T17:34:08","slug":"participacion-en-un-encuentro-de-secretarias-de-produccion-con-el-gobernador","status":"publish","type":"post","link":"https:\/\/eldiariodesanpedro.com.ar\/sitio\/participacion-en-un-encuentro-de-secretarias-de-produccion-con-el-gobernador\/","title":{"rendered":"Participaci\u00f3n en un encuentro de Secretar\u00edas de Producci\u00f3n con el Gobernador"},"content":{"rendered":"<!-- VideographyWP Plugin Message: Automatic video embedding prevented by plugin options. -->\n\n<p>Con la participaci\u00f3n del Secretario de Desarrollo Econ\u00f3mico Mart\u00edn Baraybar y el Presidente del Consorcio de Gesti\u00f3n del Puerto de San Pedro Eliseo Almada, se desarroll\u00f3 durante la jornada de hoy un encuentro de Secretar\u00edas de Producci\u00f3n, encabezado por el Gobernador Axel Kicillof y autoridades provinciales.<\/p>\n\n\n\n<p>Los representantes sampedrinos intervinieron en las mesas regionales conformadas para el an\u00e1lisis de las tem\u00e1ticas propias de cada distrito, y dentro de las mismas, se expuso la situaci\u00f3n actual de nuestra regi\u00f3n.<\/p>\n\n\n\n<p>El desarrollo de nuevos proyectos como el Parque Agroindustrial, el fortalecimiento de la producci\u00f3n de montes y viveros, y las expectativas que genera para el Puerto de San Pedro la reconstrucci\u00f3n del muelle para poder incrementar su capacidad operativa, entre otros temas, se apuntaron dentro de los ejes a seguir profundizando en conjunto con el Gobierno de la Provincia.<\/p>\n\n\n\n<p>En total se conformaron 11 mesas regionales que vienen trabajando desde el 2020 y el encuentro de hoy fue el tercero, que se distingui\u00f3 adem\u00e1s por la presencialidad plena en el Polideportivo de la Municipalidad de Ensenada y con la presencia adem\u00e1s del Gobernador Axel Kicillof, del Ministro de Producci\u00f3n Augusto Costa, el Ministro de Hacienda Pablo L\u00f3pez, la Ministra de Trabajo Mara Ruiz Malek, el Ministro de Desarrollo Agrario Javier Rodr\u00edguez, el Director de ARBA Cristian Girard y el Presidente del BAPRO, Juan Cuattromo, entre otras autoridades provinciales.<\/p>\n\n\n\n<figure class=\"wp-block-image size-full\"><img decoding=\"async\" width=\"945\" height=\"630\" data-attachment-id=\"105961\" data-permalink=\"https:\/\/eldiariodesanpedro.com.ar\/sitio\/participacion-en-un-encuentro-de-secretarias-de-produccion-con-el-gobernador\/whatsapp-image-2022-04-11-at-7-18-23-pm\/\" data-orig-file=\"https:\/\/eldiariodesanpedro.com.ar\/sitio\/wp-content\/uploads\/2022\/04\/WhatsApp-Image-2022-04-11-at-7.18.23-PM.jpeg\" data-orig-size=\"945,630\" data-comments-opened=\"0\" data-image-meta=\"{&quot;aperture&quot;:&quot;0&quot;,&quot;credit&quot;:&quot;&quot;,&quot;camera&quot;:&quot;&quot;,&quot;caption&quot;:&quot;&quot;,&quot;created_timestamp&quot;:&quot;0&quot;,&quot;copyright&quot;:&quot;&quot;,&quot;focal_length&quot;:&quot;0&quot;,&quot;iso&quot;:&quot;0&quot;,&quot;shutter_speed&quot;:&quot;0&quot;,&quot;title&quot;:&quot;&quot;,&quot;orientation&quot;:&quot;0&quot;}\" data-image-title=\"WhatsApp Image 2022-04-11 at 7.18.23 PM\" data-image-description=\"\" data-image-caption=\"\" data-large-file=\"https:\/\/eldiariodesanpedro.com.ar\/sitio\/wp-content\/uploads\/2022\/04\/WhatsApp-Image-2022-04-11-at-7.18.23-PM.jpeg\" data-src=\"https:\/\/eldiariodesanpedro.com.ar\/sitio\/wp-content\/uploads\/2022\/04\/WhatsApp-Image-2022-04-11-at-7.18.23-PM.jpeg\" alt=\"\" class=\"wp-image-105961 lazyload\" data-srcset=\"https:\/\/eldiariodesanpedro.com.ar\/sitio\/wp-content\/uploads\/2022\/04\/WhatsApp-Image-2022-04-11-at-7.18.23-PM.jpeg 945w, https:\/\/eldiariodesanpedro.com.ar\/sitio\/wp-content\/uploads\/2022\/04\/WhatsApp-Image-2022-04-11-at-7.18.23-PM-300x200.jpeg 300w, https:\/\/eldiariodesanpedro.com.ar\/sitio\/wp-content\/uploads\/2022\/04\/WhatsApp-Image-2022-04-11-at-7.18.23-PM-768x512.jpeg 768w\" data-sizes=\"(max-width: 945px) 100vw, 945px\" src=\"data:image\/svg+xml;base64,PHN2ZyB3aWR0aD0iMSIgaGVpZ2h0PSIxIiB4bWxucz0iaHR0cDovL3d3dy53My5vcmcvMjAwMC9zdmciPjwvc3ZnPg==\" style=\"--smush-placeholder-width: 945px; --smush-placeholder-aspect-ratio: 945\/630;\" \/><\/figure>\n\n\n\n<figure class=\"wp-block-image size-full\"><img decoding=\"async\" width=\"790\" height=\"532\" data-attachment-id=\"105960\" data-permalink=\"https:\/\/eldiariodesanpedro.com.ar\/sitio\/participacion-en-un-encuentro-de-secretarias-de-produccion-con-el-gobernador\/whatsapp-image-2022-04-11-at-7-18-23-pm-1\/\" data-orig-file=\"https:\/\/eldiariodesanpedro.com.ar\/sitio\/wp-content\/uploads\/2022\/04\/WhatsApp-Image-2022-04-11-at-7.18.23-PM-1.jpeg\" data-orig-size=\"790,532\" data-comments-opened=\"0\" data-image-meta=\"{&quot;aperture&quot;:&quot;0&quot;,&quot;credit&quot;:&quot;&quot;,&quot;camera&quot;:&quot;&quot;,&quot;caption&quot;:&quot;&quot;,&quot;created_timestamp&quot;:&quot;0&quot;,&quot;copyright&quot;:&quot;&quot;,&quot;focal_length&quot;:&quot;0&quot;,&quot;iso&quot;:&quot;0&quot;,&quot;shutter_speed&quot;:&quot;0&quot;,&quot;title&quot;:&quot;&quot;,&quot;orientation&quot;:&quot;0&quot;}\" data-image-title=\"WhatsApp Image 2022-04-11 at 7.18.23 PM (1)\" data-image-description=\"\" data-image-caption=\"\" data-large-file=\"https:\/\/eldiariodesanpedro.com.ar\/sitio\/wp-content\/uploads\/2022\/04\/WhatsApp-Image-2022-04-11-at-7.18.23-PM-1.jpeg\" data-src=\"https:\/\/eldiariodesanpedro.com.ar\/sitio\/wp-content\/uploads\/2022\/04\/WhatsApp-Image-2022-04-11-at-7.18.23-PM-1.jpeg\" alt=\"\" class=\"wp-image-105960 lazyload\" data-srcset=\"https:\/\/eldiariodesanpedro.com.ar\/sitio\/wp-content\/uploads\/2022\/04\/WhatsApp-Image-2022-04-11-at-7.18.23-PM-1.jpeg 790w, https:\/\/eldiariodesanpedro.com.ar\/sitio\/wp-content\/uploads\/2022\/04\/WhatsApp-Image-2022-04-11-at-7.18.23-PM-1-300x202.jpeg 300w, https:\/\/eldiariodesanpedro.com.ar\/sitio\/wp-content\/uploads\/2022\/04\/WhatsApp-Image-2022-04-11-at-7.18.23-PM-1-768x517.jpeg 768w\" data-sizes=\"(max-width: 790px) 100vw, 790px\" src=\"data:image\/svg+xml;base64,PHN2ZyB3aWR0aD0iMSIgaGVpZ2h0PSIxIiB4bWxucz0iaHR0cDovL3d3dy53My5vcmcvMjAwMC9zdmciPjwvc3ZnPg==\" style=\"--smush-placeholder-width: 790px; --smush-placeholder-aspect-ratio: 790\/532;\" \/><\/figure>\n","protected":false},"excerpt":{"rendered":"<p>Con la participaci\u00f3n del Secretario de Desarrollo Econ\u00f3mico Mart\u00edn Baraybar y el Presidente del Consorcio de Gesti\u00f3n del Puerto de San Pedro Eliseo Almada, se desarroll\u00f3 durante la jornada de hoy un encuentro de Secretar\u00edas de Producci\u00f3n, encabezado por el Gobernador Axel Kicillof y autoridades provinciales. Los representantes sampedrinos intervinieron en las mesas regionales conformadas [&hellip;]<\/p>\n","protected":false},"author":4,"featured_media":105959,"comment_status":"closed","ping_status":"closed","sticky":false,"template":"","format":"standard","meta":{"om_disable_all_campaigns":false,"_jetpack_memberships_contains_paid_content":false,"footnotes":""},"categories":[50,101,2],"tags":[197,696,33,19],"class_list":["post-105958","post","type-post","status-publish","format-standard","has-post-thumbnail","hentry","category-destacadas","category-interes-general-locales","category-locales","tag-buenos-aires","tag-interes-general","tag-locales","tag-san-pedro"],"aioseo_notices":[],"gutentor_comment":0,"jetpack_featured_media_url":"https:\/\/eldiariodesanpedro.com.ar\/sitio\/wp-content\/uploads\/2022\/04\/WhatsApp-Image-2022-04-11-at-7.18.22-PM.jpeg","jetpack_shortlink":"https:\/\/wp.me\/p6RhLt-rz0","jetpack_sharing_enabled":true,"_links":{"self":[{"href":"https:\/\/eldiariodesanpedro.com.ar\/sitio\/wp-json\/wp\/v2\/posts\/105958","targetHints":{"allow":["GET"]}}],"collection":[{"href":"https:\/\/eldiariodesanpedro.com.ar\/sitio\/wp-json\/wp\/v2\/posts"}],"about":[{"href":"https:\/\/eldiariodesanpedro.com.ar\/sitio\/wp-json\/wp\/v2\/types\/post"}],"author":[{"embeddable":true,"href":"https:\/\/eldiariodesanpedro.com.ar\/sitio\/wp-json\/wp\/v2\/users\/4"}],"replies":[{"embeddable":true,"href":"https:\/\/eldiariodesanpedro.com.ar\/sitio\/wp-json\/wp\/v2\/comments?post=105958"}],"version-history":[{"count":1,"href":"https:\/\/eldiariodesanpedro.com.ar\/sitio\/wp-json\/wp\/v2\/posts\/105958\/revisions"}],"predecessor-version":[{"id":105962,"href":"https:\/\/eldiariodesanpedro.com.ar\/sitio\/wp-json\/wp\/v2\/posts\/105958\/revisions\/105962"}],"wp:featuredmedia":[{"embeddable":true,"href":"https:\/\/eldiariodesanpedro.com.ar\/sitio\/wp-json\/wp\/v2\/media\/105959"}],"wp:attachment":[{"href":"https:\/\/eldiariodesanpedro.com.ar\/sitio\/wp-json\/wp\/v2\/media?parent=105958"}],"wp:term":[{"taxonomy":"category","embeddable":true,"href":"https:\/\/eldiariodesanpedro.com.ar\/sitio\/wp-json\/wp\/v2\/categories?post=105958"},{"taxonomy":"post_tag","embeddable":true,"href":"https:\/\/eldiariodesanpedro.com.ar\/sitio\/wp-json\/wp\/v2\/tags?post=105958"}],"curies":[{"name":"wp","href":"https:\/\/api.w.org\/{rel}","templated":true}]}}