{"id":105952,"date":"2022-04-12T14:20:55","date_gmt":"2022-04-12T17:20:55","guid":{"rendered":"https:\/\/eldiariodesanpedro.com.ar\/sitio\/?p=105952"},"modified":"2022-04-12T14:20:56","modified_gmt":"2022-04-12T17:20:56","slug":"una-mujer-fue-aprehendida-tras-golpear-y-amenazar-a-su-madre-de-45-anos%ef%bf%bc","status":"publish","type":"post","link":"https:\/\/eldiariodesanpedro.com.ar\/sitio\/una-mujer-fue-aprehendida-tras-golpear-y-amenazar-a-su-madre-de-45-anos%ef%bf%bc\/","title":{"rendered":"Una mujer fue aprehendida tras golpear y amenazar a su madre de 45 a\u00f1os\ufffc"},"content":{"rendered":"<!-- VideographyWP Plugin Message: Automatic video embedding prevented by plugin options. -->\n\n<p>Este lunes ser\u00e1 a las 07:40 hs. el personal policial de la comisar\u00eda se hace presente en calle 60 al 1000 llev\u00f3 a cabo la aprehensi\u00f3n de una mujer de 25 a\u00f1os de edad, tras qui\u00e9n momento antes hab\u00eda agredido y lesionado levemente a su madre&nbsp; de&nbsp; 45 a\u00f1os, quien fue asistida por el personal de la Comisar\u00eda de la Mujer.-&nbsp;&nbsp;<\/p>\n\n\n\n<p>Interviene&nbsp; UFI 05.-&nbsp;&nbsp;<\/p>\n","protected":false},"excerpt":{"rendered":"<p>Este lunes ser\u00e1 a las 07:40 hs. el personal policial de la comisar\u00eda se hace presente en calle 60 al 1000 llev\u00f3 a cabo la aprehensi\u00f3n de una mujer de 25 a\u00f1os de edad, tras qui\u00e9n momento antes hab\u00eda agredido y lesionado levemente a su madre&nbsp; de&nbsp; 45 a\u00f1os, quien fue asistida por el personal [&hellip;]<\/p>\n","protected":false},"author":4,"featured_media":105953,"comment_status":"closed","ping_status":"closed","sticky":false,"template":"","format":"standard","meta":{"om_disable_all_campaigns":false,"_jetpack_memberships_contains_paid_content":false,"footnotes":""},"categories":[50,2,103],"tags":[197,33,95,19],"class_list":["post-105952","post","type-post","status-publish","format-standard","has-post-thumbnail","hentry","category-destacadas","category-locales","category-policiales-locales","tag-buenos-aires","tag-locales","tag-policiales","tag-san-pedro"],"aioseo_notices":[],"gutentor_comment":0,"jetpack_featured_media_url":"https:\/\/eldiariodesanpedro.com.ar\/sitio\/wp-content\/uploads\/2022\/04\/medida-2.jpg","jetpack_shortlink":"https:\/\/wp.me\/p6RhLt-ryU","jetpack_sharing_enabled":true,"_links":{"self":[{"href":"https:\/\/eldiariodesanpedro.com.ar\/sitio\/wp-json\/wp\/v2\/posts\/105952","targetHints":{"allow":["GET"]}}],"collection":[{"href":"https:\/\/eldiariodesanpedro.com.ar\/sitio\/wp-json\/wp\/v2\/posts"}],"about":[{"href":"https:\/\/eldiariodesanpedro.com.ar\/sitio\/wp-json\/wp\/v2\/types\/post"}],"author":[{"embeddable":true,"href":"https:\/\/eldiariodesanpedro.com.ar\/sitio\/wp-json\/wp\/v2\/users\/4"}],"replies":[{"embeddable":true,"href":"https:\/\/eldiariodesanpedro.com.ar\/sitio\/wp-json\/wp\/v2\/comments?post=105952"}],"version-history":[{"count":1,"href":"https:\/\/eldiariodesanpedro.com.ar\/sitio\/wp-json\/wp\/v2\/posts\/105952\/revisions"}],"predecessor-version":[{"id":105954,"href":"https:\/\/eldiariodesanpedro.com.ar\/sitio\/wp-json\/wp\/v2\/posts\/105952\/revisions\/105954"}],"wp:featuredmedia":[{"embeddable":true,"href":"https:\/\/eldiariodesanpedro.com.ar\/sitio\/wp-json\/wp\/v2\/media\/105953"}],"wp:attachment":[{"href":"https:\/\/eldiariodesanpedro.com.ar\/sitio\/wp-json\/wp\/v2\/media?parent=105952"}],"wp:term":[{"taxonomy":"category","embeddable":true,"href":"https:\/\/eldiariodesanpedro.com.ar\/sitio\/wp-json\/wp\/v2\/categories?post=105952"},{"taxonomy":"post_tag","embeddable":true,"href":"https:\/\/eldiariodesanpedro.com.ar\/sitio\/wp-json\/wp\/v2\/tags?post=105952"}],"curies":[{"name":"wp","href":"https:\/\/api.w.org\/{rel}","templated":true}]}}