{"id":105949,"date":"2022-04-12T14:14:04","date_gmt":"2022-04-12T17:14:04","guid":{"rendered":"https:\/\/eldiariodesanpedro.com.ar\/sitio\/?p=105949"},"modified":"2022-04-12T14:14:04","modified_gmt":"2022-04-12T17:14:04","slug":"el-pasado-domingo-aprehendieron-a-dos-motochorros-tras-el-robo-a-uno-jovenes-uno-de-ellos-era-buscado-por-la-policia-federal","status":"publish","type":"post","link":"https:\/\/eldiariodesanpedro.com.ar\/sitio\/el-pasado-domingo-aprehendieron-a-dos-motochorros-tras-el-robo-a-uno-jovenes-uno-de-ellos-era-buscado-por-la-policia-federal\/","title":{"rendered":"El pasado domingo aprehendieron a dos motochorros tras el robo a uno j\u00f3venes, uno de ellos era buscado por la polic\u00eda federal"},"content":{"rendered":"<!-- VideographyWP Plugin Message: Automatic video embedding prevented by plugin options. -->\n\n<p>En relaci\u00f3n a un robo y detenci\u00f3n de dos motochorros ocurrido el pasado domingo a la madrugada en calle Auli e Ituzaing\u00f3 tras operativo cerrojo, se determin\u00f3 que el reconocido delincuente de 25 a\u00f1os estaba pr\u00f3fugo de la justicia federal de San Nicol\u00e1s.&nbsp;<\/p>\n\n\n\n<p>El mismo hab\u00eda sido buscado por la Polic\u00eda Federal el pasado 28 de marzo cuando allanaron su casa con orden de detenci\u00f3n en un domicilio ubicado en calle Gral Pueyrredon al 1500 y no fue encontrado.&nbsp;<\/p>\n\n\n\n<p>Pesa sobre el mismo orden de detenci\u00f3n federal por causa de infracci\u00f3n a la ley de drogas 23737 s\/comercializaci\u00f3n con intervenci\u00f3n del juzgado federal de San Nicol\u00e1s.&nbsp;<\/p>\n\n\n\n<p>En la ma\u00f1ana de hoy ser\u00e1 trasladado a sede de la justicia federal para ser indagado.&nbsp;<\/p>\n\n\n\n<p>Ahora no solo se encuentra imputado del robo calificado ocurrido durante la madrugada a dos j\u00f3venes de 17 a\u00f1os que tramita la fiscal\u00eda local, adem\u00e1s registrar captura por otra causa de robo calificado con intervenci\u00f3n del tribunal criminal de San Nicol\u00e1s, sino por la causa infracci\u00f3n de Ley 23737 con intervenci\u00f3n de la justicia federal.<\/p>\n","protected":false},"excerpt":{"rendered":"<p>En relaci\u00f3n a un robo y detenci\u00f3n de dos motochorros ocurrido el pasado domingo a la madrugada en calle Auli e Ituzaing\u00f3 tras operativo cerrojo, se determin\u00f3 que el reconocido delincuente de 25 a\u00f1os estaba pr\u00f3fugo de la justicia federal de San Nicol\u00e1s.&nbsp; El mismo hab\u00eda sido buscado por la Polic\u00eda Federal el pasado 28 [&hellip;]<\/p>\n","protected":false},"author":4,"featured_media":105950,"comment_status":"closed","ping_status":"closed","sticky":false,"template":"","format":"standard","meta":{"om_disable_all_campaigns":false,"_jetpack_memberships_contains_paid_content":false,"footnotes":""},"categories":[50,2,103],"tags":[197,33,95,19],"class_list":["post-105949","post","type-post","status-publish","format-standard","has-post-thumbnail","hentry","category-destacadas","category-locales","category-policiales-locales","tag-buenos-aires","tag-locales","tag-policiales","tag-san-pedro"],"aioseo_notices":[],"gutentor_comment":0,"jetpack_featured_media_url":"https:\/\/eldiariodesanpedro.com.ar\/sitio\/wp-content\/uploads\/2022\/04\/medida-1.jpg","jetpack_shortlink":"https:\/\/wp.me\/p6RhLt-ryR","jetpack_sharing_enabled":true,"_links":{"self":[{"href":"https:\/\/eldiariodesanpedro.com.ar\/sitio\/wp-json\/wp\/v2\/posts\/105949","targetHints":{"allow":["GET"]}}],"collection":[{"href":"https:\/\/eldiariodesanpedro.com.ar\/sitio\/wp-json\/wp\/v2\/posts"}],"about":[{"href":"https:\/\/eldiariodesanpedro.com.ar\/sitio\/wp-json\/wp\/v2\/types\/post"}],"author":[{"embeddable":true,"href":"https:\/\/eldiariodesanpedro.com.ar\/sitio\/wp-json\/wp\/v2\/users\/4"}],"replies":[{"embeddable":true,"href":"https:\/\/eldiariodesanpedro.com.ar\/sitio\/wp-json\/wp\/v2\/comments?post=105949"}],"version-history":[{"count":1,"href":"https:\/\/eldiariodesanpedro.com.ar\/sitio\/wp-json\/wp\/v2\/posts\/105949\/revisions"}],"predecessor-version":[{"id":105951,"href":"https:\/\/eldiariodesanpedro.com.ar\/sitio\/wp-json\/wp\/v2\/posts\/105949\/revisions\/105951"}],"wp:featuredmedia":[{"embeddable":true,"href":"https:\/\/eldiariodesanpedro.com.ar\/sitio\/wp-json\/wp\/v2\/media\/105950"}],"wp:attachment":[{"href":"https:\/\/eldiariodesanpedro.com.ar\/sitio\/wp-json\/wp\/v2\/media?parent=105949"}],"wp:term":[{"taxonomy":"category","embeddable":true,"href":"https:\/\/eldiariodesanpedro.com.ar\/sitio\/wp-json\/wp\/v2\/categories?post=105949"},{"taxonomy":"post_tag","embeddable":true,"href":"https:\/\/eldiariodesanpedro.com.ar\/sitio\/wp-json\/wp\/v2\/tags?post=105949"}],"curies":[{"name":"wp","href":"https:\/\/api.w.org\/{rel}","templated":true}]}}