{"id":105947,"date":"2022-04-12T13:39:19","date_gmt":"2022-04-12T16:39:19","guid":{"rendered":"https:\/\/eldiariodesanpedro.com.ar\/sitio\/?p=105947"},"modified":"2022-04-12T13:39:20","modified_gmt":"2022-04-12T16:39:20","slug":"anses-habilita-el-cambio-de-titularidad-de-auh","status":"publish","type":"post","link":"https:\/\/eldiariodesanpedro.com.ar\/sitio\/anses-habilita-el-cambio-de-titularidad-de-auh\/","title":{"rendered":"<strong>ANSES habilita el cambio de titularidad de AUH<\/strong>"},"content":{"rendered":"<!-- VideographyWP Plugin Message: Automatic video embedding prevented by plugin options. -->\n\n<p>Para garantizar que las ni\u00f1as y ni\u00f1os de la Asignaci\u00f3n Universal por Hijo (AUH) tengan la prestaci\u00f3n que les corresponde, ANSES informa que a partir de ahora las personas con hijas e hijos a cargo que no pod\u00edan pedir la titularidad de las asignaciones porque el otro progenitor posee un&nbsp;<em>Cr\u00e9dito ANSES<\/em>&nbsp;podr\u00e1n solicitarla y empezar a recibirla todos los meses.<\/p>\n\n\n\n<p>Esta medida fue establecida a partir del di\u00e1logo permanente entre el organismo y las mam\u00e1s de la AUH que transmit\u00edan la imposibilidad de hacerle llegar ese dinero a sus hijas e hijos cuando lo cobraba el otro progenitor. Cabe aclarar que, en su gran mayor\u00eda, se trata de mam\u00e1s que se hacen cargo de hijas e hijos y cuyos padres cobran la asignaci\u00f3n, pero no les transfieren el dinero correspondiente.<\/p>\n\n\n\n<p>En ese marco, la directora ejecutiva de ANSES,&nbsp;<strong>Fernanda Raverta<\/strong>, explic\u00f3: \u201c<em>Tomamos la decisi\u00f3n de modificar esta normativa porque consideramos una injusticia que las mam\u00e1s, que son las que se hacen cargo de sus hijas e hijos, no pudieran administrar ese recurso que es de las nenas y los nenes. A trav\u00e9s de este tr\u00e1mite, el Estado garantiza que la asignaci\u00f3n les llegue a quienes realmente les corresponde\u201d<\/em>.<\/p>\n\n\n\n<p><strong>Cu\u00e1ndo hacer este tr\u00e1mite<\/strong><\/p>\n\n\n\n<p>Este tr\u00e1mite puede realizarse cuando:<\/p>\n\n\n\n<p>\u00b7&nbsp;&nbsp;&nbsp;&nbsp;&nbsp;&nbsp;&nbsp;Las y los progenitores se encuentran separados y quien cobra la asignaci\u00f3n familiar no vive con las o los hijos.<\/p>\n\n\n\n<p>\u00b7&nbsp;&nbsp;&nbsp;&nbsp;&nbsp;&nbsp;&nbsp;La madre o el padre desconoce d\u00f3nde est\u00e1 el otro progenitor y no cuenta con embargo o sentencia judicial previa.<\/p>\n\n\n\n<p>La persona a cargo de las hijas o hijos asume el compromiso de la devoluci\u00f3n pendiente del&nbsp;<em>Cr\u00e9dito ANSES<\/em>&nbsp;para acceder al cobro de las asignaciones. Las cuotas se debitar\u00e1n de forma autom\u00e1tica todos los meses hasta completarse el pago.<\/p>\n\n\n\n<p><strong>C\u00f3mo realizar este tr\u00e1mite<\/strong><\/p>\n\n\n\n<p>Este tr\u00e1mite puede realizarse con DNI de manera presencial en una oficina de ANSES con turno previo. Para m\u00e1s informaci\u00f3n, las y los interesados pueden ingresar&nbsp;<a href=\"https:\/\/www.anses.gob.ar\/mas-derechos-para-quienes-tienen-sus-hijas-e-hijos-cargo\" target=\"_blank\" rel=\"noreferrer noopener\">aqu\u00ed<\/a>.<\/p>\n","protected":false},"excerpt":{"rendered":"<p>Para garantizar que las ni\u00f1as y ni\u00f1os de la Asignaci\u00f3n Universal por Hijo (AUH) tengan la prestaci\u00f3n que les corresponde, ANSES informa que a partir de ahora las personas con hijas e hijos a cargo que no pod\u00edan pedir la titularidad de las asignaciones porque el otro progenitor posee un&nbsp;Cr\u00e9dito ANSES&nbsp;podr\u00e1n solicitarla y empezar a [&hellip;]<\/p>\n","protected":false},"author":4,"featured_media":97782,"comment_status":"closed","ping_status":"closed","sticky":false,"template":"","format":"standard","meta":{"om_disable_all_campaigns":false,"_jetpack_memberships_contains_paid_content":false,"footnotes":""},"categories":[50,101,2],"tags":[197,696,33,19],"class_list":["post-105947","post","type-post","status-publish","format-standard","has-post-thumbnail","hentry","category-destacadas","category-interes-general-locales","category-locales","tag-buenos-aires","tag-interes-general","tag-locales","tag-san-pedro"],"aioseo_notices":[],"gutentor_comment":0,"jetpack_featured_media_url":"https:\/\/eldiariodesanpedro.com.ar\/sitio\/wp-content\/uploads\/2021\/08\/anses-nuevo-640x480-1.png","jetpack_shortlink":"https:\/\/wp.me\/p6RhLt-ryP","jetpack_sharing_enabled":true,"_links":{"self":[{"href":"https:\/\/eldiariodesanpedro.com.ar\/sitio\/wp-json\/wp\/v2\/posts\/105947","targetHints":{"allow":["GET"]}}],"collection":[{"href":"https:\/\/eldiariodesanpedro.com.ar\/sitio\/wp-json\/wp\/v2\/posts"}],"about":[{"href":"https:\/\/eldiariodesanpedro.com.ar\/sitio\/wp-json\/wp\/v2\/types\/post"}],"author":[{"embeddable":true,"href":"https:\/\/eldiariodesanpedro.com.ar\/sitio\/wp-json\/wp\/v2\/users\/4"}],"replies":[{"embeddable":true,"href":"https:\/\/eldiariodesanpedro.com.ar\/sitio\/wp-json\/wp\/v2\/comments?post=105947"}],"version-history":[{"count":1,"href":"https:\/\/eldiariodesanpedro.com.ar\/sitio\/wp-json\/wp\/v2\/posts\/105947\/revisions"}],"predecessor-version":[{"id":105948,"href":"https:\/\/eldiariodesanpedro.com.ar\/sitio\/wp-json\/wp\/v2\/posts\/105947\/revisions\/105948"}],"wp:featuredmedia":[{"embeddable":true,"href":"https:\/\/eldiariodesanpedro.com.ar\/sitio\/wp-json\/wp\/v2\/media\/97782"}],"wp:attachment":[{"href":"https:\/\/eldiariodesanpedro.com.ar\/sitio\/wp-json\/wp\/v2\/media?parent=105947"}],"wp:term":[{"taxonomy":"category","embeddable":true,"href":"https:\/\/eldiariodesanpedro.com.ar\/sitio\/wp-json\/wp\/v2\/categories?post=105947"},{"taxonomy":"post_tag","embeddable":true,"href":"https:\/\/eldiariodesanpedro.com.ar\/sitio\/wp-json\/wp\/v2\/tags?post=105947"}],"curies":[{"name":"wp","href":"https:\/\/api.w.org\/{rel}","templated":true}]}}