{"id":105945,"date":"2022-04-12T13:12:25","date_gmt":"2022-04-12T16:12:25","guid":{"rendered":"https:\/\/eldiariodesanpedro.com.ar\/sitio\/?p=105945"},"modified":"2022-04-12T13:12:26","modified_gmt":"2022-04-12T16:12:26","slug":"este-fin-de-semana-largo-el-centro-de-comercios-no-abrira-ni-jueves-ni-viernes","status":"publish","type":"post","link":"https:\/\/eldiariodesanpedro.com.ar\/sitio\/este-fin-de-semana-largo-el-centro-de-comercios-no-abrira-ni-jueves-ni-viernes\/","title":{"rendered":"Este fin de semana largo el Centro de Comercios no abrir\u00e1 ni jueves ni viernes"},"content":{"rendered":"<!-- VideographyWP Plugin Message: Automatic video embedding prevented by plugin options. -->\n\n<p>El Centro de Comercio, Industria y Turismo informa que el pr\u00f3ximo jueves 14 de abril, la atenci\u00f3n al p\u00fablico ser\u00e1 en el horario habitual de de 8 a 15 hs.<\/p>\n\n\n\n<p><strong>Viernes y s\u00e1bado permanecer\u00e1 cerrado.<\/strong><\/p>\n\n\n\n<p>Aprovechamos esta comunicaci\u00f3n para desearles a todos los sectores de relacionados con el turismo un excelente fin de semana y muy Felices Pascuas para toda nuestra comunidad.<\/p>\n","protected":false},"excerpt":{"rendered":"<p>El Centro de Comercio, Industria y Turismo informa que el pr\u00f3ximo jueves 14 de abril, la atenci\u00f3n al p\u00fablico ser\u00e1 en el horario habitual de de 8 a 15 hs. Viernes y s\u00e1bado permanecer\u00e1 cerrado. Aprovechamos esta comunicaci\u00f3n para desearles a todos los sectores de relacionados con el turismo un excelente fin de semana y [&hellip;]<\/p>\n","protected":false},"author":4,"featured_media":82411,"comment_status":"closed","ping_status":"closed","sticky":false,"template":"","format":"standard","meta":{"om_disable_all_campaigns":false,"_jetpack_memberships_contains_paid_content":false,"footnotes":""},"categories":[101,2],"tags":[197,696,33,19],"class_list":["post-105945","post","type-post","status-publish","format-standard","has-post-thumbnail","hentry","category-interes-general-locales","category-locales","tag-buenos-aires","tag-interes-general","tag-locales","tag-san-pedro"],"aioseo_notices":[],"gutentor_comment":0,"jetpack_featured_media_url":"https:\/\/eldiariodesanpedro.com.ar\/sitio\/wp-content\/uploads\/2020\/10\/centro-de-comercio-e-industria_3_1-1.jpg","jetpack_shortlink":"https:\/\/wp.me\/p6RhLt-ryN","jetpack_sharing_enabled":true,"_links":{"self":[{"href":"https:\/\/eldiariodesanpedro.com.ar\/sitio\/wp-json\/wp\/v2\/posts\/105945","targetHints":{"allow":["GET"]}}],"collection":[{"href":"https:\/\/eldiariodesanpedro.com.ar\/sitio\/wp-json\/wp\/v2\/posts"}],"about":[{"href":"https:\/\/eldiariodesanpedro.com.ar\/sitio\/wp-json\/wp\/v2\/types\/post"}],"author":[{"embeddable":true,"href":"https:\/\/eldiariodesanpedro.com.ar\/sitio\/wp-json\/wp\/v2\/users\/4"}],"replies":[{"embeddable":true,"href":"https:\/\/eldiariodesanpedro.com.ar\/sitio\/wp-json\/wp\/v2\/comments?post=105945"}],"version-history":[{"count":1,"href":"https:\/\/eldiariodesanpedro.com.ar\/sitio\/wp-json\/wp\/v2\/posts\/105945\/revisions"}],"predecessor-version":[{"id":105946,"href":"https:\/\/eldiariodesanpedro.com.ar\/sitio\/wp-json\/wp\/v2\/posts\/105945\/revisions\/105946"}],"wp:featuredmedia":[{"embeddable":true,"href":"https:\/\/eldiariodesanpedro.com.ar\/sitio\/wp-json\/wp\/v2\/media\/82411"}],"wp:attachment":[{"href":"https:\/\/eldiariodesanpedro.com.ar\/sitio\/wp-json\/wp\/v2\/media?parent=105945"}],"wp:term":[{"taxonomy":"category","embeddable":true,"href":"https:\/\/eldiariodesanpedro.com.ar\/sitio\/wp-json\/wp\/v2\/categories?post=105945"},{"taxonomy":"post_tag","embeddable":true,"href":"https:\/\/eldiariodesanpedro.com.ar\/sitio\/wp-json\/wp\/v2\/tags?post=105945"}],"curies":[{"name":"wp","href":"https:\/\/api.w.org\/{rel}","templated":true}]}}