{"id":10594,"date":"2016-11-23T20:22:24","date_gmt":"2016-11-23T23:22:24","guid":{"rendered":"https:\/\/eldiariodesanpedro.com.ar\/sitio\/?p=10594"},"modified":"2016-11-23T20:22:24","modified_gmt":"2016-11-23T23:22:24","slug":"visita-del-embajador-de-tunez-a-ramallo","status":"publish","type":"post","link":"https:\/\/eldiariodesanpedro.com.ar\/sitio\/visita-del-embajador-de-tunez-a-ramallo\/","title":{"rendered":"Visita del embajador de T\u00fanez a Ramallo"},"content":{"rendered":"<p><!-- VideographyWP Plugin Message: Automatic video embedding prevented by plugin options. --><br \/>\nEs la primera vez que empresarios tunecinos visitan Argentina eligiendo a Ramallo como \u00fanico destino a visitar en el marco de las Jornadas de Cooperaci\u00f3n Internacional. Ramallo tuvo el privilegio de recibir al embajador de T\u00fanez, Hichem Bayoudh, al presidente de la C\u00e1mara de Comercio y al agregado comercial del mismo pa\u00eds. Tambi\u00e9n junto a la comitiva estuvieron presentes 15 empresarios del pa\u00eds africano.<\/p>\n<p>El encuentro comenz\u00f3 con una conferencia de prensa con medios locales en el Concejo Deliberante, luego se dio paso a visitas a empresas importantes de nuestra comunidad: Loma Negra, Xtorage y Parque Industrial Comirsa.<\/p>\n<p>Con la vista de costa de la ciudad como regalo, ese gran ventanal al r\u00edo infinito que se pierde entre el verde de la vegetaci\u00f3n isle\u00f1a y el celeste del cielo, toda la comitiva disfrut\u00f3 de una extensa jornada.<\/p>\n<p>En el restaurante Terrazas del Sol toda la comitiva tunecina y algunas empresas locales fueron agasajadas por el intendente municipal, Mauro David Poletti. All\u00ed se tejieron v\u00ednculos comerciales entre los empresarios tunecinos y las empresas del partido de Ramallo dedicados al rubro de la construcci\u00f3n, joyer\u00eda, cementera, entre otros.<\/p>\n<p>El objetivo principal es dar a conocer todo el potencial que Ramallo tiene para dar: generar nuevas inversiones y as\u00ed crear nuevas oportunidades laborales y promocionar nuestra costa al turismo nacional e internacional.<\/p>\n","protected":false},"excerpt":{"rendered":"<p>Es la primera vez que empresarios tunecinos visitan Argentina eligiendo a Ramallo como \u00fanico destino a visitar en el marco de las Jornadas de Cooperaci\u00f3n Internacional. Ramallo tuvo el privilegio de recibir al embajador de T\u00fanez, Hichem Bayoudh, al presidente de la C\u00e1mara de Comercio y al agregado comercial del mismo pa\u00eds. Tambi\u00e9n junto a [&hellip;]<\/p>\n","protected":false},"author":4,"featured_media":10595,"comment_status":"open","ping_status":"closed","sticky":false,"template":"","format":"standard","meta":{"om_disable_all_campaigns":false,"_jetpack_memberships_contains_paid_content":false,"footnotes":""},"categories":[621],"tags":[],"class_list":["post-10594","post","type-post","status-publish","format-standard","has-post-thumbnail","hentry","category-regionales"],"aioseo_notices":[],"gutentor_comment":0,"jetpack_featured_media_url":"https:\/\/eldiariodesanpedro.com.ar\/sitio\/wp-content\/uploads\/2016\/11\/intendente-Poletti-junto-al-embajador-Bayoudh.jpg","jetpack_shortlink":"https:\/\/wp.me\/p6RhLt-2KS","jetpack_sharing_enabled":true,"_links":{"self":[{"href":"https:\/\/eldiariodesanpedro.com.ar\/sitio\/wp-json\/wp\/v2\/posts\/10594","targetHints":{"allow":["GET"]}}],"collection":[{"href":"https:\/\/eldiariodesanpedro.com.ar\/sitio\/wp-json\/wp\/v2\/posts"}],"about":[{"href":"https:\/\/eldiariodesanpedro.com.ar\/sitio\/wp-json\/wp\/v2\/types\/post"}],"author":[{"embeddable":true,"href":"https:\/\/eldiariodesanpedro.com.ar\/sitio\/wp-json\/wp\/v2\/users\/4"}],"replies":[{"embeddable":true,"href":"https:\/\/eldiariodesanpedro.com.ar\/sitio\/wp-json\/wp\/v2\/comments?post=10594"}],"version-history":[{"count":1,"href":"https:\/\/eldiariodesanpedro.com.ar\/sitio\/wp-json\/wp\/v2\/posts\/10594\/revisions"}],"predecessor-version":[{"id":10596,"href":"https:\/\/eldiariodesanpedro.com.ar\/sitio\/wp-json\/wp\/v2\/posts\/10594\/revisions\/10596"}],"wp:featuredmedia":[{"embeddable":true,"href":"https:\/\/eldiariodesanpedro.com.ar\/sitio\/wp-json\/wp\/v2\/media\/10595"}],"wp:attachment":[{"href":"https:\/\/eldiariodesanpedro.com.ar\/sitio\/wp-json\/wp\/v2\/media?parent=10594"}],"wp:term":[{"taxonomy":"category","embeddable":true,"href":"https:\/\/eldiariodesanpedro.com.ar\/sitio\/wp-json\/wp\/v2\/categories?post=10594"},{"taxonomy":"post_tag","embeddable":true,"href":"https:\/\/eldiariodesanpedro.com.ar\/sitio\/wp-json\/wp\/v2\/tags?post=10594"}],"curies":[{"name":"wp","href":"https:\/\/api.w.org\/{rel}","templated":true}]}}