{"id":105934,"date":"2022-04-11T19:58:30","date_gmt":"2022-04-11T22:58:30","guid":{"rendered":"https:\/\/eldiariodesanpedro.com.ar\/sitio\/?p=105934"},"modified":"2022-04-11T19:58:31","modified_gmt":"2022-04-11T22:58:31","slug":"este-fin-de-semana-jesus-de-nazaret-entre-otras-actividades-de-semana-santa","status":"publish","type":"post","link":"https:\/\/eldiariodesanpedro.com.ar\/sitio\/este-fin-de-semana-jesus-de-nazaret-entre-otras-actividades-de-semana-santa\/","title":{"rendered":"Este fin de semana \u00abJesus de Nazaret\u00bb entre otras actividades de Semana Santa"},"content":{"rendered":"<!-- VideographyWP Plugin Message: Automatic video embedding prevented by plugin options. -->\n\n<p>Se presentaron esta ma\u00f1ana en la Secretar\u00eda de Turismo y Cultura las actividades programadas para los pr\u00f3ximos d\u00edas, por Semana Santa y Pascuas, en nuestra ciudad con el regreso de las peatonales, feria de artesanos, feria de emprendedores, shows de talentos y la obra de teatro \u201cJes\u00fas de Nazaret\u201d.<\/p>\n\n\n\n<p>El anuncio se realiz\u00f3 con una conferencia de prensa de la participaron el Secretario de Gobierno Pablo Vlaeminck y la Secretaria de Turismo y Cultura Marcela Cu\u00f1er en representaci\u00f3n del equipo de gobierno del Intendente Salazar, el organizador y principal impulsor de la Feria de las Artes \u201cToto\u201d Corval\u00e1n y el director de la obra \u201cJes\u00fas de Nazaret\u201d Daniel Corti.<\/p>\n\n\n\n<p>Las actividades comenzar\u00e1n a partir del d\u00eda jueves en el Pasaje Agenor Almada donde se realizar\u00e1 la Feria de Emprendedores junto al Patio Gastron\u00f3mico y contar\u00e1 con shows musicales. El jueves se presentar\u00e1 Nico Aulet e invitados, el viernes habr\u00e1 pe\u00f1a folcl\u00f3rica, el s\u00e1bado se presentar\u00e1n bandas de rock y el domingo se desarrollar\u00e1 una muestra de telas y clases de zumba.<\/p>\n\n\n\n<p>En el centro de la ciudad, los d\u00edas viernes, s\u00e1bado y domingo se llevar\u00e1 a cabo la peatonal en calle Pellegrini entre Las Heras y San Mart\u00edn donde se instalar\u00e1 un escenario en el que se realizar\u00e1 el Repechaje de Talentos los d\u00edas viernes y s\u00e1bado a las 21 hs. que contar\u00e1 con la presencia como jurados de Carmen Barbieri y Costa, la conducci\u00f3n estar\u00e1 a cargo de Alejando Cupit\u00f3 y Mariano Lanfranconi.<\/p>\n\n\n\n<p>En Plaza Constituci\u00f3n se desarrollar\u00e1 los d\u00edas viernes, s\u00e1bado y domingo la 30\u00b0 Feria de las Artes que ofrecer\u00e1 artesan\u00edas compuestas por diferentes rubros, stand literal y show de circo a la gorra. Adem\u00e1s, contar\u00e1 con propuestas musicales durante las tres jornadas en el escenario principal que se dispondr\u00e1 en Mitre e Irigoyen.<\/p>\n\n\n\n<p>El domingo a las 19 hs. en Plaza Ejercito de Los Andes de la costanera de nuestra ciudad, se llevar\u00e1 a cabo la obra \u201cJes\u00fas de Nazaret\u201d. Una obra que contar\u00e1 con m\u00e1s de 60 artistas sampedrinos en escena en la cual se muestra al p\u00fablico la vida de Jes\u00fas en el marco de la conmemoraci\u00f3n de las Pascuas. Esta obra que cuenta con la direcci\u00f3n de Daniel Corti y la m\u00fasica a cargo de Daniel Ronzani, se llevar\u00e1 a cabo conjuntamente entre las diferentes \u00e1reas que componen la Comisi\u00f3n de Eventos de la Municipalidad de San Pedro y la Comisi\u00f3n de Cultura del Honorable Concejo Deliberante.<\/p>\n\n\n\n<figure class=\"wp-block-image size-full\"><img decoding=\"async\" width=\"630\" height=\"630\" data-attachment-id=\"105935\" data-permalink=\"https:\/\/eldiariodesanpedro.com.ar\/sitio\/este-fin-de-semana-jesus-de-nazaret-entre-otras-actividades-de-semana-santa\/whatsapp-image-2022-04-11-at-1-41-47-pm-1\/\" data-orig-file=\"https:\/\/eldiariodesanpedro.com.ar\/sitio\/wp-content\/uploads\/2022\/04\/WhatsApp-Image-2022-04-11-at-1.41.47-PM-1.jpeg\" data-orig-size=\"630,630\" data-comments-opened=\"0\" data-image-meta=\"{&quot;aperture&quot;:&quot;0&quot;,&quot;credit&quot;:&quot;&quot;,&quot;camera&quot;:&quot;&quot;,&quot;caption&quot;:&quot;&quot;,&quot;created_timestamp&quot;:&quot;0&quot;,&quot;copyright&quot;:&quot;&quot;,&quot;focal_length&quot;:&quot;0&quot;,&quot;iso&quot;:&quot;0&quot;,&quot;shutter_speed&quot;:&quot;0&quot;,&quot;title&quot;:&quot;&quot;,&quot;orientation&quot;:&quot;0&quot;}\" data-image-title=\"WhatsApp Image 2022-04-11 at 1.41.47 PM (1)\" data-image-description=\"\" data-image-caption=\"\" data-large-file=\"https:\/\/eldiariodesanpedro.com.ar\/sitio\/wp-content\/uploads\/2022\/04\/WhatsApp-Image-2022-04-11-at-1.41.47-PM-1.jpeg\" data-src=\"https:\/\/eldiariodesanpedro.com.ar\/sitio\/wp-content\/uploads\/2022\/04\/WhatsApp-Image-2022-04-11-at-1.41.47-PM-1.jpeg\" alt=\"\" class=\"wp-image-105935 lazyload\" data-srcset=\"https:\/\/eldiariodesanpedro.com.ar\/sitio\/wp-content\/uploads\/2022\/04\/WhatsApp-Image-2022-04-11-at-1.41.47-PM-1.jpeg 630w, https:\/\/eldiariodesanpedro.com.ar\/sitio\/wp-content\/uploads\/2022\/04\/WhatsApp-Image-2022-04-11-at-1.41.47-PM-1-300x300.jpeg 300w, https:\/\/eldiariodesanpedro.com.ar\/sitio\/wp-content\/uploads\/2022\/04\/WhatsApp-Image-2022-04-11-at-1.41.47-PM-1-150x150.jpeg 150w\" data-sizes=\"(max-width: 630px) 100vw, 630px\" src=\"data:image\/svg+xml;base64,PHN2ZyB3aWR0aD0iMSIgaGVpZ2h0PSIxIiB4bWxucz0iaHR0cDovL3d3dy53My5vcmcvMjAwMC9zdmciPjwvc3ZnPg==\" style=\"--smush-placeholder-width: 630px; --smush-placeholder-aspect-ratio: 630\/630;\" \/><\/figure>\n\n\n\n<figure class=\"wp-block-image size-full\"><img decoding=\"async\" width=\"630\" height=\"630\" data-attachment-id=\"105937\" data-permalink=\"https:\/\/eldiariodesanpedro.com.ar\/sitio\/este-fin-de-semana-jesus-de-nazaret-entre-otras-actividades-de-semana-santa\/whatsapp-image-2022-04-11-at-1-41-48-pm-1\/\" data-orig-file=\"https:\/\/eldiariodesanpedro.com.ar\/sitio\/wp-content\/uploads\/2022\/04\/WhatsApp-Image-2022-04-11-at-1.41.48-PM-1.jpeg\" data-orig-size=\"630,630\" data-comments-opened=\"0\" data-image-meta=\"{&quot;aperture&quot;:&quot;0&quot;,&quot;credit&quot;:&quot;&quot;,&quot;camera&quot;:&quot;&quot;,&quot;caption&quot;:&quot;&quot;,&quot;created_timestamp&quot;:&quot;0&quot;,&quot;copyright&quot;:&quot;&quot;,&quot;focal_length&quot;:&quot;0&quot;,&quot;iso&quot;:&quot;0&quot;,&quot;shutter_speed&quot;:&quot;0&quot;,&quot;title&quot;:&quot;&quot;,&quot;orientation&quot;:&quot;0&quot;}\" data-image-title=\"WhatsApp Image 2022-04-11 at 1.41.48 PM (1)\" data-image-description=\"\" data-image-caption=\"\" data-large-file=\"https:\/\/eldiariodesanpedro.com.ar\/sitio\/wp-content\/uploads\/2022\/04\/WhatsApp-Image-2022-04-11-at-1.41.48-PM-1.jpeg\" data-src=\"https:\/\/eldiariodesanpedro.com.ar\/sitio\/wp-content\/uploads\/2022\/04\/WhatsApp-Image-2022-04-11-at-1.41.48-PM-1.jpeg\" alt=\"\" class=\"wp-image-105937 lazyload\" data-srcset=\"https:\/\/eldiariodesanpedro.com.ar\/sitio\/wp-content\/uploads\/2022\/04\/WhatsApp-Image-2022-04-11-at-1.41.48-PM-1.jpeg 630w, https:\/\/eldiariodesanpedro.com.ar\/sitio\/wp-content\/uploads\/2022\/04\/WhatsApp-Image-2022-04-11-at-1.41.48-PM-1-300x300.jpeg 300w, https:\/\/eldiariodesanpedro.com.ar\/sitio\/wp-content\/uploads\/2022\/04\/WhatsApp-Image-2022-04-11-at-1.41.48-PM-1-150x150.jpeg 150w\" data-sizes=\"(max-width: 630px) 100vw, 630px\" src=\"data:image\/svg+xml;base64,PHN2ZyB3aWR0aD0iMSIgaGVpZ2h0PSIxIiB4bWxucz0iaHR0cDovL3d3dy53My5vcmcvMjAwMC9zdmciPjwvc3ZnPg==\" style=\"--smush-placeholder-width: 630px; --smush-placeholder-aspect-ratio: 630\/630;\" \/><\/figure>\n\n\n\n<figure class=\"wp-block-image size-full\"><img decoding=\"async\" width=\"630\" height=\"630\" data-attachment-id=\"105938\" data-permalink=\"https:\/\/eldiariodesanpedro.com.ar\/sitio\/este-fin-de-semana-jesus-de-nazaret-entre-otras-actividades-de-semana-santa\/whatsapp-image-2022-04-11-at-1-41-48-pm\/\" data-orig-file=\"https:\/\/eldiariodesanpedro.com.ar\/sitio\/wp-content\/uploads\/2022\/04\/WhatsApp-Image-2022-04-11-at-1.41.48-PM.jpeg\" data-orig-size=\"630,630\" data-comments-opened=\"0\" data-image-meta=\"{&quot;aperture&quot;:&quot;0&quot;,&quot;credit&quot;:&quot;&quot;,&quot;camera&quot;:&quot;&quot;,&quot;caption&quot;:&quot;&quot;,&quot;created_timestamp&quot;:&quot;0&quot;,&quot;copyright&quot;:&quot;&quot;,&quot;focal_length&quot;:&quot;0&quot;,&quot;iso&quot;:&quot;0&quot;,&quot;shutter_speed&quot;:&quot;0&quot;,&quot;title&quot;:&quot;&quot;,&quot;orientation&quot;:&quot;0&quot;}\" data-image-title=\"WhatsApp Image 2022-04-11 at 1.41.48 PM\" data-image-description=\"\" data-image-caption=\"\" data-large-file=\"https:\/\/eldiariodesanpedro.com.ar\/sitio\/wp-content\/uploads\/2022\/04\/WhatsApp-Image-2022-04-11-at-1.41.48-PM.jpeg\" data-src=\"https:\/\/eldiariodesanpedro.com.ar\/sitio\/wp-content\/uploads\/2022\/04\/WhatsApp-Image-2022-04-11-at-1.41.48-PM.jpeg\" alt=\"\" class=\"wp-image-105938 lazyload\" data-srcset=\"https:\/\/eldiariodesanpedro.com.ar\/sitio\/wp-content\/uploads\/2022\/04\/WhatsApp-Image-2022-04-11-at-1.41.48-PM.jpeg 630w, https:\/\/eldiariodesanpedro.com.ar\/sitio\/wp-content\/uploads\/2022\/04\/WhatsApp-Image-2022-04-11-at-1.41.48-PM-300x300.jpeg 300w, https:\/\/eldiariodesanpedro.com.ar\/sitio\/wp-content\/uploads\/2022\/04\/WhatsApp-Image-2022-04-11-at-1.41.48-PM-150x150.jpeg 150w\" data-sizes=\"(max-width: 630px) 100vw, 630px\" src=\"data:image\/svg+xml;base64,PHN2ZyB3aWR0aD0iMSIgaGVpZ2h0PSIxIiB4bWxucz0iaHR0cDovL3d3dy53My5vcmcvMjAwMC9zdmciPjwvc3ZnPg==\" style=\"--smush-placeholder-width: 630px; --smush-placeholder-aspect-ratio: 630\/630;\" \/><\/figure>\n\n\n\n<figure class=\"wp-block-image size-full\"><img decoding=\"async\" width=\"354\" height=\"630\" data-attachment-id=\"105939\" data-permalink=\"https:\/\/eldiariodesanpedro.com.ar\/sitio\/este-fin-de-semana-jesus-de-nazaret-entre-otras-actividades-de-semana-santa\/whatsapp-image-2022-04-11-at-1-41-49-pm\/\" data-orig-file=\"https:\/\/eldiariodesanpedro.com.ar\/sitio\/wp-content\/uploads\/2022\/04\/WhatsApp-Image-2022-04-11-at-1.41.49-PM.jpeg\" data-orig-size=\"354,630\" data-comments-opened=\"0\" data-image-meta=\"{&quot;aperture&quot;:&quot;0&quot;,&quot;credit&quot;:&quot;&quot;,&quot;camera&quot;:&quot;&quot;,&quot;caption&quot;:&quot;&quot;,&quot;created_timestamp&quot;:&quot;0&quot;,&quot;copyright&quot;:&quot;&quot;,&quot;focal_length&quot;:&quot;0&quot;,&quot;iso&quot;:&quot;0&quot;,&quot;shutter_speed&quot;:&quot;0&quot;,&quot;title&quot;:&quot;&quot;,&quot;orientation&quot;:&quot;0&quot;}\" data-image-title=\"WhatsApp Image 2022-04-11 at 1.41.49 PM\" data-image-description=\"\" data-image-caption=\"\" data-large-file=\"https:\/\/eldiariodesanpedro.com.ar\/sitio\/wp-content\/uploads\/2022\/04\/WhatsApp-Image-2022-04-11-at-1.41.49-PM.jpeg\" data-src=\"https:\/\/eldiariodesanpedro.com.ar\/sitio\/wp-content\/uploads\/2022\/04\/WhatsApp-Image-2022-04-11-at-1.41.49-PM.jpeg\" alt=\"\" class=\"wp-image-105939 lazyload\" data-srcset=\"https:\/\/eldiariodesanpedro.com.ar\/sitio\/wp-content\/uploads\/2022\/04\/WhatsApp-Image-2022-04-11-at-1.41.49-PM.jpeg 354w, https:\/\/eldiariodesanpedro.com.ar\/sitio\/wp-content\/uploads\/2022\/04\/WhatsApp-Image-2022-04-11-at-1.41.49-PM-169x300.jpeg 169w\" data-sizes=\"(max-width: 354px) 100vw, 354px\" src=\"data:image\/svg+xml;base64,PHN2ZyB3aWR0aD0iMSIgaGVpZ2h0PSIxIiB4bWxucz0iaHR0cDovL3d3dy53My5vcmcvMjAwMC9zdmciPjwvc3ZnPg==\" style=\"--smush-placeholder-width: 354px; --smush-placeholder-aspect-ratio: 354\/630;\" \/><\/figure>\n","protected":false},"excerpt":{"rendered":"<p>Se presentaron esta ma\u00f1ana en la Secretar\u00eda de Turismo y Cultura las actividades programadas para los pr\u00f3ximos d\u00edas, por Semana Santa y Pascuas, en nuestra ciudad con el regreso de las peatonales, feria de artesanos, feria de emprendedores, shows de talentos y la obra de teatro \u201cJes\u00fas de Nazaret\u201d. El anuncio se realiz\u00f3 con una [&hellip;]<\/p>\n","protected":false},"author":4,"featured_media":105936,"comment_status":"closed","ping_status":"closed","sticky":false,"template":"","format":"standard","meta":{"om_disable_all_campaigns":false,"_jetpack_memberships_contains_paid_content":false,"footnotes":""},"categories":[678,676],"tags":[197,696,33,19],"class_list":["post-105934","post","type-post","status-publish","format-standard","has-post-thumbnail","hentry","category-convocatorias","category-edictos","tag-buenos-aires","tag-interes-general","tag-locales","tag-san-pedro"],"aioseo_notices":[],"gutentor_comment":0,"jetpack_featured_media_url":"https:\/\/eldiariodesanpedro.com.ar\/sitio\/wp-content\/uploads\/2022\/04\/WhatsApp-Image-2022-04-11-at-1.41.47-PM.jpeg","jetpack_shortlink":"https:\/\/wp.me\/p6RhLt-ryC","jetpack_sharing_enabled":true,"_links":{"self":[{"href":"https:\/\/eldiariodesanpedro.com.ar\/sitio\/wp-json\/wp\/v2\/posts\/105934","targetHints":{"allow":["GET"]}}],"collection":[{"href":"https:\/\/eldiariodesanpedro.com.ar\/sitio\/wp-json\/wp\/v2\/posts"}],"about":[{"href":"https:\/\/eldiariodesanpedro.com.ar\/sitio\/wp-json\/wp\/v2\/types\/post"}],"author":[{"embeddable":true,"href":"https:\/\/eldiariodesanpedro.com.ar\/sitio\/wp-json\/wp\/v2\/users\/4"}],"replies":[{"embeddable":true,"href":"https:\/\/eldiariodesanpedro.com.ar\/sitio\/wp-json\/wp\/v2\/comments?post=105934"}],"version-history":[{"count":1,"href":"https:\/\/eldiariodesanpedro.com.ar\/sitio\/wp-json\/wp\/v2\/posts\/105934\/revisions"}],"predecessor-version":[{"id":105944,"href":"https:\/\/eldiariodesanpedro.com.ar\/sitio\/wp-json\/wp\/v2\/posts\/105934\/revisions\/105944"}],"wp:featuredmedia":[{"embeddable":true,"href":"https:\/\/eldiariodesanpedro.com.ar\/sitio\/wp-json\/wp\/v2\/media\/105936"}],"wp:attachment":[{"href":"https:\/\/eldiariodesanpedro.com.ar\/sitio\/wp-json\/wp\/v2\/media?parent=105934"}],"wp:term":[{"taxonomy":"category","embeddable":true,"href":"https:\/\/eldiariodesanpedro.com.ar\/sitio\/wp-json\/wp\/v2\/categories?post=105934"},{"taxonomy":"post_tag","embeddable":true,"href":"https:\/\/eldiariodesanpedro.com.ar\/sitio\/wp-json\/wp\/v2\/tags?post=105934"}],"curies":[{"name":"wp","href":"https:\/\/api.w.org\/{rel}","templated":true}]}}