{"id":105931,"date":"2022-04-11T13:29:09","date_gmt":"2022-04-11T16:29:09","guid":{"rendered":"https:\/\/eldiariodesanpedro.com.ar\/sitio\/?p=105931"},"modified":"2022-04-11T13:29:10","modified_gmt":"2022-04-11T16:29:10","slug":"magnifresh-sa-finalizacion-de-la-temporada-de-fruta-de-carozo-del-periodo-2021-2022","status":"publish","type":"post","link":"https:\/\/eldiariodesanpedro.com.ar\/sitio\/magnifresh-sa-finalizacion-de-la-temporada-de-fruta-de-carozo-del-periodo-2021-2022\/","title":{"rendered":"Magnifresh SA Finalizaci\u00f3n de la temporada de fruta de carozo del per\u00edodo 2021 \u2013 2022"},"content":{"rendered":"<!-- VideographyWP Plugin Message: Automatic video embedding prevented by plugin options. -->\n\n<p>La empresa notifica por este medio a todo el personal que el d\u00eda 15\/04\/2022 finaliza la temporada de fruta de carozo del per\u00edodo 2021 \u2013 2022, produciendo la extinci\u00f3n de los contratos correspondientes. <\/p>\n\n\n\n<p>Se notifica la finalizaci\u00f3n de la misma dando cumplimiento con lo determinado en la ley 20.744.<\/p>\n\n\n\n<p>(Publicaci\u00f3n V\u00e1lida por los d\u00edas 11, 12 y 13 de Abril de 2022)<\/p>\n","protected":false},"excerpt":{"rendered":"<p>La empresa notifica por este medio a todo el personal que el d\u00eda 15\/04\/2022 finaliza la temporada de fruta de carozo del per\u00edodo 2021 \u2013 2022, produciendo la extinci\u00f3n de los contratos correspondientes. Se notifica la finalizaci\u00f3n de la misma dando cumplimiento con lo determinado en la ley 20.744. (Publicaci\u00f3n V\u00e1lida por los d\u00edas 11, [&hellip;]<\/p>\n","protected":false},"author":4,"featured_media":105932,"comment_status":"closed","ping_status":"closed","sticky":false,"template":"","format":"standard","meta":{"om_disable_all_campaigns":false,"_jetpack_memberships_contains_paid_content":false,"footnotes":""},"categories":[678,676],"tags":[197,696,33,19],"class_list":["post-105931","post","type-post","status-publish","format-standard","has-post-thumbnail","hentry","category-convocatorias","category-edictos","tag-buenos-aires","tag-interes-general","tag-locales","tag-san-pedro"],"aioseo_notices":[],"gutentor_comment":0,"jetpack_featured_media_url":"https:\/\/eldiariodesanpedro.com.ar\/sitio\/wp-content\/uploads\/2022\/04\/Magnifresh-ABRIL-2022-final.jpg","jetpack_shortlink":"https:\/\/wp.me\/p6RhLt-ryz","jetpack_sharing_enabled":true,"_links":{"self":[{"href":"https:\/\/eldiariodesanpedro.com.ar\/sitio\/wp-json\/wp\/v2\/posts\/105931","targetHints":{"allow":["GET"]}}],"collection":[{"href":"https:\/\/eldiariodesanpedro.com.ar\/sitio\/wp-json\/wp\/v2\/posts"}],"about":[{"href":"https:\/\/eldiariodesanpedro.com.ar\/sitio\/wp-json\/wp\/v2\/types\/post"}],"author":[{"embeddable":true,"href":"https:\/\/eldiariodesanpedro.com.ar\/sitio\/wp-json\/wp\/v2\/users\/4"}],"replies":[{"embeddable":true,"href":"https:\/\/eldiariodesanpedro.com.ar\/sitio\/wp-json\/wp\/v2\/comments?post=105931"}],"version-history":[{"count":1,"href":"https:\/\/eldiariodesanpedro.com.ar\/sitio\/wp-json\/wp\/v2\/posts\/105931\/revisions"}],"predecessor-version":[{"id":105933,"href":"https:\/\/eldiariodesanpedro.com.ar\/sitio\/wp-json\/wp\/v2\/posts\/105931\/revisions\/105933"}],"wp:featuredmedia":[{"embeddable":true,"href":"https:\/\/eldiariodesanpedro.com.ar\/sitio\/wp-json\/wp\/v2\/media\/105932"}],"wp:attachment":[{"href":"https:\/\/eldiariodesanpedro.com.ar\/sitio\/wp-json\/wp\/v2\/media?parent=105931"}],"wp:term":[{"taxonomy":"category","embeddable":true,"href":"https:\/\/eldiariodesanpedro.com.ar\/sitio\/wp-json\/wp\/v2\/categories?post=105931"},{"taxonomy":"post_tag","embeddable":true,"href":"https:\/\/eldiariodesanpedro.com.ar\/sitio\/wp-json\/wp\/v2\/tags?post=105931"}],"curies":[{"name":"wp","href":"https:\/\/api.w.org\/{rel}","templated":true}]}}