{"id":105928,"date":"2022-04-11T13:02:28","date_gmt":"2022-04-11T16:02:28","guid":{"rendered":"https:\/\/eldiariodesanpedro.com.ar\/sitio\/?p=105928"},"modified":"2022-04-11T13:02:29","modified_gmt":"2022-04-11T16:02:29","slug":"gustavo-sola-es-el-elegido-como-director-de-ambiente-hace-20-anos-que-trabajo-en-la-tematica%ef%bf%bc","status":"publish","type":"post","link":"https:\/\/eldiariodesanpedro.com.ar\/sitio\/gustavo-sola-es-el-elegido-como-director-de-ambiente-hace-20-anos-que-trabajo-en-la-tematica%ef%bf%bc\/","title":{"rendered":"Gustavo Sol\u00e1 es el elegido como director de Ambiente: \u00abHace 20 a\u00f1os que trabajo en la tem\u00e1tica\u00bb\ufffc"},"content":{"rendered":"<!-- VideographyWP Plugin Message: Automatic video embedding prevented by plugin options. -->\n\n<p>A trav\u00e9s de las redes sociales, el intendente en uso de licencia Cecilio Salazar confirm\u00f3 su designaci\u00f3n, al participar juntos de la presentaci\u00f3n del plan de Gesti\u00f3n Ambiental de Axel Kicillof. En di\u00e1logo con\u00a0<strong>Visi\u00f3n Regional<\/strong>, Sol\u00e1, t\u00e9cnico en Conservaci\u00f3n de la Naturaleza y \u00c1reas Naturales Protegidas, calific\u00f3 su designaci\u00f3n en el \u00e1rea como \u00abun desaf\u00edo\u00bb y adelant\u00f3 que lo primero ser\u00e1 la \u00abconstrucci\u00f3n del plan ambiental de San Pedro\u00bb de manera \u00abparticipativa, con la inclusi\u00f3n de todos\u00bb.<\/p>\n\n\n\n<p><strong>El sampedrino Gustavo Sol\u00e1, quien vive en Mendoza desde 1994, es el elegido para ocupar la direcci\u00f3n de Ambiente<\/strong>, luego que el intendente Ram\u00f3n Salazar anunciara en la \u00faltima apertura de sesiones legislativas que iba a haber una designaci\u00f3n para el cargo.<\/p>\n\n\n\n<p>Fue el jefe comunal en uso de licencia Cecilio Salazar quien adelant\u00f3 la designaci\u00f3n de Sol\u00e1, que a\u00fan no fue oficializada pero que ya es un hecho: es que, en principio, el t\u00e9cnico en Conservaci\u00f3n de la Naturaleza y \u00c1reas Naturales Protegidas asumir\u00e1 formalmente en las pr\u00f3ximas semanas, tras culminar algunas cuestiones administrativas en su actual funci\u00f3n y concretar adem\u00e1s el regreso a San Pedro.<\/p>\n\n\n\n<p>Sol\u00e1, en di\u00e1logo con&nbsp;<strong>Visi\u00f3n Regional<\/strong>, cont\u00f3 que \u00ab<strong>hace 20 a\u00f1os que trabaja en la tem\u00e1tica\u00bb habi\u00e9ndose desempe\u00f1ado en Mendoza en principio como Guardaparques, y luego como Jefe de Fauna de la provincia; Jefe de N\u00e1utica provincial durante cuatro a\u00f1os; y ahora como secretario t\u00e9cnico de la direcci\u00f3n de Recursos de la provincia.<\/strong>&nbsp;Respecto a su designaci\u00f3n en el municipio, &nbsp;la calific\u00f3 como \u00abun desaf\u00edo\u00bb: \u00ab<strong>Estoy muy agradecido, combina el poder seguir trabajando en la cuesti\u00f3n ambiental, no solo por la cuesti\u00f3n laboral sino tambi\u00e9n porque el estado te da la oportunidad de hacer cosas, y por otro lado la posibilidad de volver a San Pedro<\/strong>\u00ab.<\/p>\n\n\n\n<p>El t\u00e9cnico tuvo un par de entrevistas en el Municipio con el secretario de Coordinaci\u00f3n Hern\u00e1n Contreras, tras las cuales le confirmaron que su perfil era el que m\u00e1s se adecuaba a lo que buscaba Salazar.&nbsp;<\/p>\n\n\n\n<p><strong>La primera tarea, al asumir, ser\u00e1 la construcci\u00f3n del plan ambiental de San Pedro. \u00abNo va a ser sencillo pero la idea es trabajar con los distintos sectores y actores, y que represente a la sociedad\u00bb<\/strong>, adelanta, agregando que buscar\u00e1 trabajar de manera \u00abparticipativa\u00bb.<\/p>\n\n\n\n<p>Sin dudas uno de los principales reclamos (aunque no el \u00fanico) de las y los ambientalistas locales ha sido la&nbsp;<strong>problem\u00e1tica de los humedales y su destrucci\u00f3n, especialmente, a trav\u00e9s del avance de las quemas en la zona de islas<\/strong>. Al respecto, Sol\u00e1 indic\u00f3 que \u00ab<strong>si bien cada tema tiene distintas variables, en este caso la complejidad est\u00e1 dada por el tema jurisdiccional. Por ello si bien hay distintas estrategias de abordaje todo va a depender de la articulaci\u00f3n<\/strong>\u00ab.<\/p>\n\n\n\n<p>Este viernes, junto a Cecilio Salazar, particip\u00f3 en La Plata de la<strong>&nbsp;presentaci\u00f3n del plan de Gesti\u00f3n Ambiental de Axel Kicillof<\/strong>, quien recientemente cre\u00f3 el ministerio provincial de Ambiente. \u00ab<strong>Aprovechamos a hacer contacto con otras \u00e1reas del ministerio bonaerense. Realmente es un momento muy oportuno para comenzar con el \u00e1rea localmente, en coincidencia con la decisi\u00f3n provincial de crear el ministerio<\/strong>\u00ab, sostuvo Sol\u00e1 ante la consulta de&nbsp;<strong>Visi\u00f3n Regional<\/strong>.<\/p>\n\n\n\n<p>En el mismo sentido, adelant\u00f3 que una de los objetivos ser\u00e1 el de \u00ab<strong>adecuar los programas nacionales para aplicarlos en San Pedro<\/strong>\u00ab.<\/p>\n\n\n\n<p>Fuente: Visi\u00f3n Regional<\/p>\n","protected":false},"excerpt":{"rendered":"<p>A trav\u00e9s de las redes sociales, el intendente en uso de licencia Cecilio Salazar confirm\u00f3 su designaci\u00f3n, al participar juntos de la presentaci\u00f3n del plan de Gesti\u00f3n Ambiental de Axel Kicillof. En di\u00e1logo con\u00a0Visi\u00f3n Regional, Sol\u00e1, t\u00e9cnico en Conservaci\u00f3n de la Naturaleza y \u00c1reas Naturales Protegidas, calific\u00f3 su designaci\u00f3n en el \u00e1rea como \u00abun desaf\u00edo\u00bb [&hellip;]<\/p>\n","protected":false},"author":4,"featured_media":105929,"comment_status":"closed","ping_status":"closed","sticky":false,"template":"","format":"standard","meta":{"om_disable_all_campaigns":false,"_jetpack_memberships_contains_paid_content":false,"footnotes":""},"categories":[50,101,2],"tags":[197,33,19],"class_list":["post-105928","post","type-post","status-publish","format-standard","has-post-thumbnail","hentry","category-destacadas","category-interes-general-locales","category-locales","tag-buenos-aires","tag-locales","tag-san-pedro"],"aioseo_notices":[],"gutentor_comment":0,"jetpack_featured_media_url":"https:\/\/eldiariodesanpedro.com.ar\/sitio\/wp-content\/uploads\/2022\/04\/sola-ambiente.jpg","jetpack_shortlink":"https:\/\/wp.me\/p6RhLt-ryw","jetpack_sharing_enabled":true,"_links":{"self":[{"href":"https:\/\/eldiariodesanpedro.com.ar\/sitio\/wp-json\/wp\/v2\/posts\/105928","targetHints":{"allow":["GET"]}}],"collection":[{"href":"https:\/\/eldiariodesanpedro.com.ar\/sitio\/wp-json\/wp\/v2\/posts"}],"about":[{"href":"https:\/\/eldiariodesanpedro.com.ar\/sitio\/wp-json\/wp\/v2\/types\/post"}],"author":[{"embeddable":true,"href":"https:\/\/eldiariodesanpedro.com.ar\/sitio\/wp-json\/wp\/v2\/users\/4"}],"replies":[{"embeddable":true,"href":"https:\/\/eldiariodesanpedro.com.ar\/sitio\/wp-json\/wp\/v2\/comments?post=105928"}],"version-history":[{"count":1,"href":"https:\/\/eldiariodesanpedro.com.ar\/sitio\/wp-json\/wp\/v2\/posts\/105928\/revisions"}],"predecessor-version":[{"id":105930,"href":"https:\/\/eldiariodesanpedro.com.ar\/sitio\/wp-json\/wp\/v2\/posts\/105928\/revisions\/105930"}],"wp:featuredmedia":[{"embeddable":true,"href":"https:\/\/eldiariodesanpedro.com.ar\/sitio\/wp-json\/wp\/v2\/media\/105929"}],"wp:attachment":[{"href":"https:\/\/eldiariodesanpedro.com.ar\/sitio\/wp-json\/wp\/v2\/media?parent=105928"}],"wp:term":[{"taxonomy":"category","embeddable":true,"href":"https:\/\/eldiariodesanpedro.com.ar\/sitio\/wp-json\/wp\/v2\/categories?post=105928"},{"taxonomy":"post_tag","embeddable":true,"href":"https:\/\/eldiariodesanpedro.com.ar\/sitio\/wp-json\/wp\/v2\/tags?post=105928"}],"curies":[{"name":"wp","href":"https:\/\/api.w.org\/{rel}","templated":true}]}}