{"id":105922,"date":"2022-04-11T11:50:46","date_gmt":"2022-04-11T14:50:46","guid":{"rendered":"https:\/\/eldiariodesanpedro.com.ar\/sitio\/?p=105922"},"modified":"2022-04-11T11:51:43","modified_gmt":"2022-04-11T14:51:43","slug":"julio-cabaleyro-vamos-a-seguir-reclamando-por-el-derecho-de-los-trabajadores","status":"publish","type":"post","link":"https:\/\/eldiariodesanpedro.com.ar\/sitio\/julio-cabaleyro-vamos-a-seguir-reclamando-por-el-derecho-de-los-trabajadores\/","title":{"rendered":"Julio Cabaleyro: \u00abVamos a seguir reclamando por el derecho de los trabajadores\u00bb"},"content":{"rendered":"<!-- VideographyWP Plugin Message: Automatic video embedding prevented by plugin options. -->\n\n<p>El dirigente de Camionero estuvo en San Pedro acompa\u00f1ando la jornada en la que su hijo Maximiliano y Fernando Esp\u00edndola declararon ante la fiscal Mar\u00eda del Valle Viviani. Tras la presentaci\u00f3n fueron trasladado a San Nicol\u00e1s en donde siguen detenidos.<\/p>\n\n\n\n<p>El domingo los dirigentes del sindicato de Camioneros, Maximiliano Cabaleyro y Fernando Esp\u00edndola declararon ante la fiscal Mar\u00eda del Valle Viviani que es quien instruye la causa por la extorci\u00f3n denunciada por los responsables de la firma Rey Distribuci\u00f3n.<\/p>\n\n\n\n<p>Durante la extensa jornada un grupo de representantes del gremio permanecieron la esquina de la fiscal\u00eda en apoyo a los sindicalistas detenidos, entre ellos, Julio Cabaleyro, padre del detenido y uno de los m\u00e1ximos referentes del gremio en la regi\u00f3n.<\/p>\n\n\n\n<p>All\u00ed, el dirigente habl\u00f3 en exclusiva para FM G\u00e9nesis y reafirm\u00f3 su apoyo como as\u00ed tambi\u00e9n critic\u00f3 la decisi\u00f3n de la justicia.<\/p>\n\n\n\n<p>\u00abEsto es una aberraci\u00f3n\u00bb, remarc\u00f3 Cabaleyro.<\/p>\n\n\n\n<p>\u00abNunca sali\u00f3 un dictamen tan r\u00e1pido como este, parece que estaban apurados por resolverlo\u00bb.<\/p>\n\n\n\n<p>\u00abLos dos se entregaron voluntariamente y quedaron a derecho como corresponde\u00bb, se\u00f1al\u00f3.<\/p>\n\n\n\n<p>\u00abNo entiendo porqu\u00e9 el cord\u00f3n policial, no tenemos problemas con nadie ni los va a ver\u00bb.<\/p>\n\n\n\n<p>Con respecto a la situaci\u00f3n de los acusados Cabaleyro manifest\u00f3 que \u00abVeremos c\u00f3mo sigue esto a partir de ahora\u00bb.<\/p>\n\n\n\n<p>\u00abVamos a seguir reclamando por el derecho de los trabajadores, nada nos detendr\u00e1, nosotros somos la cabeza de los trabajares\u00bb.<\/p>\n\n\n\n<p>Fuente: San Pedro Informa<\/p>\n","protected":false},"excerpt":{"rendered":"<p>El dirigente de Camionero estuvo en San Pedro acompa\u00f1ando la jornada en la que su hijo Maximiliano y Fernando Esp\u00edndola declararon ante la fiscal Mar\u00eda del Valle Viviani. Tras la presentaci\u00f3n fueron trasladado a San Nicol\u00e1s en donde siguen detenidos. El domingo los dirigentes del sindicato de Camioneros, Maximiliano Cabaleyro y Fernando Esp\u00edndola declararon ante [&hellip;]<\/p>\n","protected":false},"author":4,"featured_media":105923,"comment_status":"closed","ping_status":"closed","sticky":false,"template":"","format":"standard","meta":{"om_disable_all_campaigns":false,"_jetpack_memberships_contains_paid_content":false,"footnotes":""},"categories":[50,101,2],"tags":[197,696,33,19],"class_list":["post-105922","post","type-post","status-publish","format-standard","has-post-thumbnail","hentry","category-destacadas","category-interes-general-locales","category-locales","tag-buenos-aires","tag-interes-general","tag-locales","tag-san-pedro"],"aioseo_notices":[],"gutentor_comment":0,"jetpack_featured_media_url":"https:\/\/eldiariodesanpedro.com.ar\/sitio\/wp-content\/uploads\/2022\/04\/0000020808-resized-1920x1080-1.jpg","jetpack_shortlink":"https:\/\/wp.me\/p6RhLt-ryq","jetpack_sharing_enabled":true,"_links":{"self":[{"href":"https:\/\/eldiariodesanpedro.com.ar\/sitio\/wp-json\/wp\/v2\/posts\/105922","targetHints":{"allow":["GET"]}}],"collection":[{"href":"https:\/\/eldiariodesanpedro.com.ar\/sitio\/wp-json\/wp\/v2\/posts"}],"about":[{"href":"https:\/\/eldiariodesanpedro.com.ar\/sitio\/wp-json\/wp\/v2\/types\/post"}],"author":[{"embeddable":true,"href":"https:\/\/eldiariodesanpedro.com.ar\/sitio\/wp-json\/wp\/v2\/users\/4"}],"replies":[{"embeddable":true,"href":"https:\/\/eldiariodesanpedro.com.ar\/sitio\/wp-json\/wp\/v2\/comments?post=105922"}],"version-history":[{"count":2,"href":"https:\/\/eldiariodesanpedro.com.ar\/sitio\/wp-json\/wp\/v2\/posts\/105922\/revisions"}],"predecessor-version":[{"id":105925,"href":"https:\/\/eldiariodesanpedro.com.ar\/sitio\/wp-json\/wp\/v2\/posts\/105922\/revisions\/105925"}],"wp:featuredmedia":[{"embeddable":true,"href":"https:\/\/eldiariodesanpedro.com.ar\/sitio\/wp-json\/wp\/v2\/media\/105923"}],"wp:attachment":[{"href":"https:\/\/eldiariodesanpedro.com.ar\/sitio\/wp-json\/wp\/v2\/media?parent=105922"}],"wp:term":[{"taxonomy":"category","embeddable":true,"href":"https:\/\/eldiariodesanpedro.com.ar\/sitio\/wp-json\/wp\/v2\/categories?post=105922"},{"taxonomy":"post_tag","embeddable":true,"href":"https:\/\/eldiariodesanpedro.com.ar\/sitio\/wp-json\/wp\/v2\/tags?post=105922"}],"curies":[{"name":"wp","href":"https:\/\/api.w.org\/{rel}","templated":true}]}}