{"id":105920,"date":"2022-04-11T11:47:41","date_gmt":"2022-04-11T14:47:41","guid":{"rendered":"https:\/\/eldiariodesanpedro.com.ar\/sitio\/?p=105920"},"modified":"2022-04-11T11:47:42","modified_gmt":"2022-04-11T14:47:42","slug":"llevaba-su-telefono-celular-en-el-bolsillo-trasero-y-delincuente-se-lo-arrebato","status":"publish","type":"post","link":"https:\/\/eldiariodesanpedro.com.ar\/sitio\/llevaba-su-telefono-celular-en-el-bolsillo-trasero-y-delincuente-se-lo-arrebato\/","title":{"rendered":"Llevaba su tel\u00e9fono celular en el bolsillo trasero y delincuente se lo arrebato"},"content":{"rendered":"<!-- VideographyWP Plugin Message: Automatic video embedding prevented by plugin options. -->\n\n<p>Este domingo se denunci\u00f3 en la comisar\u00eda local por parte de una mujer de 22 a\u00f1os de edad, que siendo aproximadamente las 12 horas del mismo d\u00eda momento en que circulaba en bicicleta por calle Maestro Reina y Oliveira Cesar es sorprendida por un masculino quien le arrebata su tel\u00e9fono celular de marca LG el cual llevaba en el bolsillo trasero del pantal\u00f3n. Interviene la fiscal\u00eda Nro. 11 local.-<\/p>\n","protected":false},"excerpt":{"rendered":"<p>Este domingo se denunci\u00f3 en la comisar\u00eda local por parte de una mujer de 22 a\u00f1os de edad, que siendo aproximadamente las 12 horas del mismo d\u00eda momento en que circulaba en bicicleta por calle Maestro Reina y Oliveira Cesar es sorprendida por un masculino quien le arrebata su tel\u00e9fono celular de marca LG el [&hellip;]<\/p>\n","protected":false},"author":4,"featured_media":77860,"comment_status":"closed","ping_status":"closed","sticky":false,"template":"","format":"standard","meta":{"om_disable_all_campaigns":false,"_jetpack_memberships_contains_paid_content":false,"footnotes":""},"categories":[50,2,103],"tags":[197,33,95,19],"class_list":["post-105920","post","type-post","status-publish","format-standard","has-post-thumbnail","hentry","category-destacadas","category-locales","category-policiales-locales","tag-buenos-aires","tag-locales","tag-policiales","tag-san-pedro"],"aioseo_notices":[],"gutentor_comment":0,"jetpack_featured_media_url":"https:\/\/eldiariodesanpedro.com.ar\/sitio\/wp-content\/uploads\/2020\/07\/000085506.jpg","jetpack_shortlink":"https:\/\/wp.me\/p6RhLt-ryo","jetpack_sharing_enabled":true,"_links":{"self":[{"href":"https:\/\/eldiariodesanpedro.com.ar\/sitio\/wp-json\/wp\/v2\/posts\/105920","targetHints":{"allow":["GET"]}}],"collection":[{"href":"https:\/\/eldiariodesanpedro.com.ar\/sitio\/wp-json\/wp\/v2\/posts"}],"about":[{"href":"https:\/\/eldiariodesanpedro.com.ar\/sitio\/wp-json\/wp\/v2\/types\/post"}],"author":[{"embeddable":true,"href":"https:\/\/eldiariodesanpedro.com.ar\/sitio\/wp-json\/wp\/v2\/users\/4"}],"replies":[{"embeddable":true,"href":"https:\/\/eldiariodesanpedro.com.ar\/sitio\/wp-json\/wp\/v2\/comments?post=105920"}],"version-history":[{"count":1,"href":"https:\/\/eldiariodesanpedro.com.ar\/sitio\/wp-json\/wp\/v2\/posts\/105920\/revisions"}],"predecessor-version":[{"id":105921,"href":"https:\/\/eldiariodesanpedro.com.ar\/sitio\/wp-json\/wp\/v2\/posts\/105920\/revisions\/105921"}],"wp:featuredmedia":[{"embeddable":true,"href":"https:\/\/eldiariodesanpedro.com.ar\/sitio\/wp-json\/wp\/v2\/media\/77860"}],"wp:attachment":[{"href":"https:\/\/eldiariodesanpedro.com.ar\/sitio\/wp-json\/wp\/v2\/media?parent=105920"}],"wp:term":[{"taxonomy":"category","embeddable":true,"href":"https:\/\/eldiariodesanpedro.com.ar\/sitio\/wp-json\/wp\/v2\/categories?post=105920"},{"taxonomy":"post_tag","embeddable":true,"href":"https:\/\/eldiariodesanpedro.com.ar\/sitio\/wp-json\/wp\/v2\/tags?post=105920"}],"curies":[{"name":"wp","href":"https:\/\/api.w.org\/{rel}","templated":true}]}}