{"id":105918,"date":"2022-04-11T11:44:09","date_gmt":"2022-04-11T14:44:09","guid":{"rendered":"https:\/\/eldiariodesanpedro.com.ar\/sitio\/?p=105918"},"modified":"2022-04-11T11:44:10","modified_gmt":"2022-04-11T14:44:10","slug":"dos-robo-en-la-modalidad-escruche-durante-este-fin-de-semana-%ef%bf%bc","status":"publish","type":"post","link":"https:\/\/eldiariodesanpedro.com.ar\/sitio\/dos-robo-en-la-modalidad-escruche-durante-este-fin-de-semana-%ef%bf%bc\/","title":{"rendered":"Dos robo en la modalidad escruche durante este fin de semana\u00a0\u00a0\ufffc"},"content":{"rendered":"<!-- VideographyWP Plugin Message: Automatic video embedding prevented by plugin options. -->\n\n<p>Este fin de semana se recibieron dos denuncias por robos tipo escruche&nbsp; donde autores ignorados sustrajeron elementos de valor de dos domicilios.<\/p>\n\n\n\n<p>En la comisar\u00eda local se recibi\u00f3 una denuncia de un ciudadano de 47 a\u00f1os de edad, que el d\u00eda s\u00e1bado siendo las 22 horas se retira de su domicilio ubicado en calle Miguel Porta al 1800, regresando el dia domingo en el horario aproximado de las 03:00 horas, constatando que autores ignorados previo da\u00f1ar vidrio de puerta trasera ingresan y le sustraen dos televisores, un microondas, una computadora de escritorio y una notebook.&nbsp;<\/p>\n\n\n\n<p>Tambi\u00e9n en la noche de domingo denunci\u00f3 un masculino de 28 a\u00f1os de edad, que siendo las 19:00 horas del d\u00eda domingo se retira de su domicilio, no quedando morador alguno, regresando siendo aproximadamente las 00:30 horas del d\u00eda de la fecha, constatando que autores ignorados previo da\u00f1ar la puerta principal le sustraen una garrafa, una guitarra criolla y dos perfumes.&nbsp;&nbsp;<\/p>\n","protected":false},"excerpt":{"rendered":"<p>Este fin de semana se recibieron dos denuncias por robos tipo escruche&nbsp; donde autores ignorados sustrajeron elementos de valor de dos domicilios. En la comisar\u00eda local se recibi\u00f3 una denuncia de un ciudadano de 47 a\u00f1os de edad, que el d\u00eda s\u00e1bado siendo las 22 horas se retira de su domicilio ubicado en calle Miguel [&hellip;]<\/p>\n","protected":false},"author":4,"featured_media":103679,"comment_status":"closed","ping_status":"closed","sticky":false,"template":"","format":"standard","meta":{"om_disable_all_campaigns":false,"_jetpack_memberships_contains_paid_content":false,"footnotes":""},"categories":[50,2,103],"tags":[197,33,95,19],"class_list":["post-105918","post","type-post","status-publish","format-standard","has-post-thumbnail","hentry","category-destacadas","category-locales","category-policiales-locales","tag-buenos-aires","tag-locales","tag-policiales","tag-san-pedro"],"aioseo_notices":[],"gutentor_comment":0,"jetpack_featured_media_url":"https:\/\/eldiariodesanpedro.com.ar\/sitio\/wp-content\/uploads\/2022\/02\/comisaria_san_pedro.jpg","jetpack_shortlink":"https:\/\/wp.me\/p6RhLt-rym","jetpack_sharing_enabled":true,"_links":{"self":[{"href":"https:\/\/eldiariodesanpedro.com.ar\/sitio\/wp-json\/wp\/v2\/posts\/105918","targetHints":{"allow":["GET"]}}],"collection":[{"href":"https:\/\/eldiariodesanpedro.com.ar\/sitio\/wp-json\/wp\/v2\/posts"}],"about":[{"href":"https:\/\/eldiariodesanpedro.com.ar\/sitio\/wp-json\/wp\/v2\/types\/post"}],"author":[{"embeddable":true,"href":"https:\/\/eldiariodesanpedro.com.ar\/sitio\/wp-json\/wp\/v2\/users\/4"}],"replies":[{"embeddable":true,"href":"https:\/\/eldiariodesanpedro.com.ar\/sitio\/wp-json\/wp\/v2\/comments?post=105918"}],"version-history":[{"count":1,"href":"https:\/\/eldiariodesanpedro.com.ar\/sitio\/wp-json\/wp\/v2\/posts\/105918\/revisions"}],"predecessor-version":[{"id":105919,"href":"https:\/\/eldiariodesanpedro.com.ar\/sitio\/wp-json\/wp\/v2\/posts\/105918\/revisions\/105919"}],"wp:featuredmedia":[{"embeddable":true,"href":"https:\/\/eldiariodesanpedro.com.ar\/sitio\/wp-json\/wp\/v2\/media\/103679"}],"wp:attachment":[{"href":"https:\/\/eldiariodesanpedro.com.ar\/sitio\/wp-json\/wp\/v2\/media?parent=105918"}],"wp:term":[{"taxonomy":"category","embeddable":true,"href":"https:\/\/eldiariodesanpedro.com.ar\/sitio\/wp-json\/wp\/v2\/categories?post=105918"},{"taxonomy":"post_tag","embeddable":true,"href":"https:\/\/eldiariodesanpedro.com.ar\/sitio\/wp-json\/wp\/v2\/tags?post=105918"}],"curies":[{"name":"wp","href":"https:\/\/api.w.org\/{rel}","templated":true}]}}