{"id":105915,"date":"2022-04-11T11:23:10","date_gmt":"2022-04-11T14:23:10","guid":{"rendered":"https:\/\/eldiariodesanpedro.com.ar\/sitio\/?p=105915"},"modified":"2022-04-11T11:23:11","modified_gmt":"2022-04-11T14:23:11","slug":"apertura-del-primer-torneo-oficial-de-hockey-masculino-de-la-region","status":"publish","type":"post","link":"https:\/\/eldiariodesanpedro.com.ar\/sitio\/apertura-del-primer-torneo-oficial-de-hockey-masculino-de-la-region\/","title":{"rendered":"Apertura del primer torneo oficial de hockey masculino de la regi\u00f3n"},"content":{"rendered":"<!-- VideographyWP Plugin Message: Automatic video embedding prevented by plugin options. -->\n\n<p>En el predio de Villa Jard\u00edn del Club N\u00e1utico San Pedro qued\u00f3 oficialmente inaugurado el primer torneo oficial de hockey masculino de primera divisi\u00f3n de la Asociaci\u00f3n del Oeste.<\/p>\n\n\n\n<p>Luego de varios encuentros y del crecimiento de la actividad en los clubes de la regi\u00f3n se logr\u00f3 programar esta primera experiencia que genera una enorme expectativa en los clubes participantes.<\/p>\n\n\n\n<p>Antes del inicio de la primera fecha el subdirector de deportes del CNSP profesor Ignacio Franzoia les dio la bienvenida a los representantes de los clubes y junto al Director de Deportes de la Municipalidad Profesor Mariano Arnal destacaron que esta disciplina deportiva haya logrado dar este paso trascendental.<\/p>\n\n\n\n<p>El Director de Deportes de la Municipalidad fue vocero tambi\u00e9n de una salutaci\u00f3n del Intendente Ram\u00f3n Salazar y estuvo acompa\u00f1ado por el Secretario de Coordinaci\u00f3n Hern\u00e1n Contreras.<\/p>\n\n\n\n<p>Alejandro Foglia en representaci\u00f3n de la subcomisi\u00f3n de hockey del CNSP hizo entrega de un bander\u00edn a las autoridades municipales y de inmediato se inici\u00f3 la programaci\u00f3n de partidos para la primera fecha protagonizados por Viajantes de Pergamino &#8211; Argentino de Rojas, Mitre de San Pero &#8211; Sirio de Pergamino, N\u00e1utico &#8211; Racing de Chivilcoy y San Carlos de Capit\u00e1n Sarmiento &#8211; Los Miuras de Jun\u00edn.<\/p>\n","protected":false},"excerpt":{"rendered":"<p>En el predio de Villa Jard\u00edn del Club N\u00e1utico San Pedro qued\u00f3 oficialmente inaugurado el primer torneo oficial de hockey masculino de primera divisi\u00f3n de la Asociaci\u00f3n del Oeste. Luego de varios encuentros y del crecimiento de la actividad en los clubes de la regi\u00f3n se logr\u00f3 programar esta primera experiencia que genera una enorme [&hellip;]<\/p>\n","protected":false},"author":4,"featured_media":105916,"comment_status":"closed","ping_status":"closed","sticky":false,"template":"","format":"standard","meta":{"om_disable_all_campaigns":false,"_jetpack_memberships_contains_paid_content":false,"footnotes":""},"categories":[50,101,2],"tags":[197,33,19],"class_list":["post-105915","post","type-post","status-publish","format-standard","has-post-thumbnail","hentry","category-destacadas","category-interes-general-locales","category-locales","tag-buenos-aires","tag-locales","tag-san-pedro"],"aioseo_notices":[],"gutentor_comment":0,"jetpack_featured_media_url":"https:\/\/eldiariodesanpedro.com.ar\/sitio\/wp-content\/uploads\/2022\/04\/b8e22a85-bb9b-4a64-9f66-528d738e2184.jpg","jetpack_shortlink":"https:\/\/wp.me\/p6RhLt-ryj","jetpack_sharing_enabled":true,"_links":{"self":[{"href":"https:\/\/eldiariodesanpedro.com.ar\/sitio\/wp-json\/wp\/v2\/posts\/105915","targetHints":{"allow":["GET"]}}],"collection":[{"href":"https:\/\/eldiariodesanpedro.com.ar\/sitio\/wp-json\/wp\/v2\/posts"}],"about":[{"href":"https:\/\/eldiariodesanpedro.com.ar\/sitio\/wp-json\/wp\/v2\/types\/post"}],"author":[{"embeddable":true,"href":"https:\/\/eldiariodesanpedro.com.ar\/sitio\/wp-json\/wp\/v2\/users\/4"}],"replies":[{"embeddable":true,"href":"https:\/\/eldiariodesanpedro.com.ar\/sitio\/wp-json\/wp\/v2\/comments?post=105915"}],"version-history":[{"count":1,"href":"https:\/\/eldiariodesanpedro.com.ar\/sitio\/wp-json\/wp\/v2\/posts\/105915\/revisions"}],"predecessor-version":[{"id":105917,"href":"https:\/\/eldiariodesanpedro.com.ar\/sitio\/wp-json\/wp\/v2\/posts\/105915\/revisions\/105917"}],"wp:featuredmedia":[{"embeddable":true,"href":"https:\/\/eldiariodesanpedro.com.ar\/sitio\/wp-json\/wp\/v2\/media\/105916"}],"wp:attachment":[{"href":"https:\/\/eldiariodesanpedro.com.ar\/sitio\/wp-json\/wp\/v2\/media?parent=105915"}],"wp:term":[{"taxonomy":"category","embeddable":true,"href":"https:\/\/eldiariodesanpedro.com.ar\/sitio\/wp-json\/wp\/v2\/categories?post=105915"},{"taxonomy":"post_tag","embeddable":true,"href":"https:\/\/eldiariodesanpedro.com.ar\/sitio\/wp-json\/wp\/v2\/tags?post=105915"}],"curies":[{"name":"wp","href":"https:\/\/api.w.org\/{rel}","templated":true}]}}