{"id":105912,"date":"2022-04-11T11:08:30","date_gmt":"2022-04-11T14:08:30","guid":{"rendered":"https:\/\/eldiariodesanpedro.com.ar\/sitio\/?p=105912"},"modified":"2022-04-11T11:08:31","modified_gmt":"2022-04-11T14:08:31","slug":"un-barco-arribo-el-dia-de-hoy-para-cargar-cebada-y-trasladar-a-argelia","status":"publish","type":"post","link":"https:\/\/eldiariodesanpedro.com.ar\/sitio\/un-barco-arribo-el-dia-de-hoy-para-cargar-cebada-y-trasladar-a-argelia\/","title":{"rendered":"Un barco arribo el d\u00eda de hoy para cargar cebada y trasladar a Argelia"},"content":{"rendered":"<!-- VideographyWP Plugin Message: Automatic video embedding prevented by plugin options. -->\n\n<p>La Gesti\u00f3n del Puerto de San Pedro informa que este lunes arrib\u00f3 un buque denominado Wicko que cargar\u00e1 25 mil toneladas de cebada para transportar a Argelia.<\/p>\n\n\n\n<p><strong>BUQUE:\u00a0 WICKO<\/strong><br>BANDERA: BAHAMAS<br>ESLORA:\u00a0 190 METROS<br>PROCEDENCIA:\u00a0 BRASIL<br>MUELLE: ELEVADOR<br>AMARRE ESTIMADO:\u00a0 11- 04 -22\u00a0 AM<br>MERCADERIA:\u00a0 25.000 toneladas de cebada a granel<br>DESTINO: ARGELIA<\/p>\n","protected":false},"excerpt":{"rendered":"<p>La Gesti\u00f3n del Puerto de San Pedro informa que este lunes arrib\u00f3 un buque denominado Wicko que cargar\u00e1 25 mil toneladas de cebada para transportar a Argelia. BUQUE:\u00a0 WICKOBANDERA: BAHAMASESLORA:\u00a0 190 METROSPROCEDENCIA:\u00a0 BRASILMUELLE: ELEVADORAMARRE ESTIMADO:\u00a0 11- 04 -22\u00a0 AMMERCADERIA:\u00a0 25.000 toneladas de cebada a granelDESTINO: ARGELIA<\/p>\n","protected":false},"author":4,"featured_media":105913,"comment_status":"closed","ping_status":"closed","sticky":false,"template":"","format":"standard","meta":{"om_disable_all_campaigns":false,"_jetpack_memberships_contains_paid_content":false,"footnotes":""},"categories":[50,101,2],"tags":[197,696,33,19],"class_list":["post-105912","post","type-post","status-publish","format-standard","has-post-thumbnail","hentry","category-destacadas","category-interes-general-locales","category-locales","tag-buenos-aires","tag-interes-general","tag-locales","tag-san-pedro"],"aioseo_notices":[],"gutentor_comment":0,"jetpack_featured_media_url":"https:\/\/eldiariodesanpedro.com.ar\/sitio\/wp-content\/uploads\/2022\/04\/1-1.jpg","jetpack_shortlink":"https:\/\/wp.me\/p6RhLt-ryg","jetpack_sharing_enabled":true,"_links":{"self":[{"href":"https:\/\/eldiariodesanpedro.com.ar\/sitio\/wp-json\/wp\/v2\/posts\/105912","targetHints":{"allow":["GET"]}}],"collection":[{"href":"https:\/\/eldiariodesanpedro.com.ar\/sitio\/wp-json\/wp\/v2\/posts"}],"about":[{"href":"https:\/\/eldiariodesanpedro.com.ar\/sitio\/wp-json\/wp\/v2\/types\/post"}],"author":[{"embeddable":true,"href":"https:\/\/eldiariodesanpedro.com.ar\/sitio\/wp-json\/wp\/v2\/users\/4"}],"replies":[{"embeddable":true,"href":"https:\/\/eldiariodesanpedro.com.ar\/sitio\/wp-json\/wp\/v2\/comments?post=105912"}],"version-history":[{"count":1,"href":"https:\/\/eldiariodesanpedro.com.ar\/sitio\/wp-json\/wp\/v2\/posts\/105912\/revisions"}],"predecessor-version":[{"id":105914,"href":"https:\/\/eldiariodesanpedro.com.ar\/sitio\/wp-json\/wp\/v2\/posts\/105912\/revisions\/105914"}],"wp:featuredmedia":[{"embeddable":true,"href":"https:\/\/eldiariodesanpedro.com.ar\/sitio\/wp-json\/wp\/v2\/media\/105913"}],"wp:attachment":[{"href":"https:\/\/eldiariodesanpedro.com.ar\/sitio\/wp-json\/wp\/v2\/media?parent=105912"}],"wp:term":[{"taxonomy":"category","embeddable":true,"href":"https:\/\/eldiariodesanpedro.com.ar\/sitio\/wp-json\/wp\/v2\/categories?post=105912"},{"taxonomy":"post_tag","embeddable":true,"href":"https:\/\/eldiariodesanpedro.com.ar\/sitio\/wp-json\/wp\/v2\/tags?post=105912"}],"curies":[{"name":"wp","href":"https:\/\/api.w.org\/{rel}","templated":true}]}}