{"id":10591,"date":"2016-11-23T20:21:13","date_gmt":"2016-11-23T23:21:13","guid":{"rendered":"https:\/\/eldiariodesanpedro.com.ar\/sitio\/?p=10591"},"modified":"2016-11-23T20:21:13","modified_gmt":"2016-11-23T23:21:13","slug":"zarate-murio-el-hombre-que-fue-atropellado-y-abandonado-en-av-antartida","status":"publish","type":"post","link":"https:\/\/eldiariodesanpedro.com.ar\/sitio\/zarate-murio-el-hombre-que-fue-atropellado-y-abandonado-en-av-antartida\/","title":{"rendered":"Z\u00c1RATE: Muri\u00f3 el hombre que fue atropellado y abandonado en Av. Ant\u00e1rtida"},"content":{"rendered":"<p><!-- VideographyWP Plugin Message: Automatic video embedding prevented by plugin options. --><br \/>\nDespu\u00e9s de 16 d\u00edas de agon\u00eda en la noche de este lunes, falleci\u00f3 Nazareno Corro de 38 a\u00f1os, quien fue atropellado y abandonado el s\u00e1bado 5 de diciembre, entre las 15.00 y las 16.00, en Av. Ant\u00e1rtida Argentina al 6000, entre calles 58 y 60, mientras circulaba en su bicicleta.<\/p>\n<p>Los golpes sufridos por la ca\u00edda fueron muy serios y quien lo embisti\u00f3 lo abandon\u00f3 tirado sobre el asfalto.<\/p>\n<p>Trasladado al Hospital Virgen del Carmen en grave estado por un importante traumatismo de cr\u00e1neo, fue derivado posteriormente al Hospital de San Andr\u00e9s de Giles, donde fue intervenido quir\u00fargicamente por un equipo de neurocirujanos.<\/p>\n<p>Lamentablemente, los esfuerzos m\u00e9dicos no pudieron salvar la vida del vecino zarate\u00f1o.<\/p>\n","protected":false},"excerpt":{"rendered":"<p>Despu\u00e9s de 16 d\u00edas de agon\u00eda en la noche de este lunes, falleci\u00f3 Nazareno Corro de 38 a\u00f1os, quien fue atropellado y abandonado el s\u00e1bado 5 de diciembre, entre las 15.00 y las 16.00, en Av. Ant\u00e1rtida Argentina al 6000, entre calles 58 y 60, mientras circulaba en su bicicleta. Los golpes sufridos por la [&hellip;]<\/p>\n","protected":false},"author":4,"featured_media":10592,"comment_status":"open","ping_status":"closed","sticky":false,"template":"","format":"standard","meta":{"om_disable_all_campaigns":false,"_jetpack_memberships_contains_paid_content":false,"footnotes":""},"categories":[621],"tags":[],"class_list":["post-10591","post","type-post","status-publish","format-standard","has-post-thumbnail","hentry","category-regionales"],"aioseo_notices":[],"gutentor_comment":0,"jetpack_featured_media_url":"https:\/\/eldiariodesanpedro.com.ar\/sitio\/wp-content\/uploads\/2016\/11\/Semaforos-Antartida-Argentina-2.jpg","jetpack_shortlink":"https:\/\/wp.me\/p6RhLt-2KP","jetpack_sharing_enabled":true,"_links":{"self":[{"href":"https:\/\/eldiariodesanpedro.com.ar\/sitio\/wp-json\/wp\/v2\/posts\/10591","targetHints":{"allow":["GET"]}}],"collection":[{"href":"https:\/\/eldiariodesanpedro.com.ar\/sitio\/wp-json\/wp\/v2\/posts"}],"about":[{"href":"https:\/\/eldiariodesanpedro.com.ar\/sitio\/wp-json\/wp\/v2\/types\/post"}],"author":[{"embeddable":true,"href":"https:\/\/eldiariodesanpedro.com.ar\/sitio\/wp-json\/wp\/v2\/users\/4"}],"replies":[{"embeddable":true,"href":"https:\/\/eldiariodesanpedro.com.ar\/sitio\/wp-json\/wp\/v2\/comments?post=10591"}],"version-history":[{"count":1,"href":"https:\/\/eldiariodesanpedro.com.ar\/sitio\/wp-json\/wp\/v2\/posts\/10591\/revisions"}],"predecessor-version":[{"id":10593,"href":"https:\/\/eldiariodesanpedro.com.ar\/sitio\/wp-json\/wp\/v2\/posts\/10591\/revisions\/10593"}],"wp:featuredmedia":[{"embeddable":true,"href":"https:\/\/eldiariodesanpedro.com.ar\/sitio\/wp-json\/wp\/v2\/media\/10592"}],"wp:attachment":[{"href":"https:\/\/eldiariodesanpedro.com.ar\/sitio\/wp-json\/wp\/v2\/media?parent=10591"}],"wp:term":[{"taxonomy":"category","embeddable":true,"href":"https:\/\/eldiariodesanpedro.com.ar\/sitio\/wp-json\/wp\/v2\/categories?post=10591"},{"taxonomy":"post_tag","embeddable":true,"href":"https:\/\/eldiariodesanpedro.com.ar\/sitio\/wp-json\/wp\/v2\/tags?post=10591"}],"curies":[{"name":"wp","href":"https:\/\/api.w.org\/{rel}","templated":true}]}}