{"id":105908,"date":"2022-04-10T21:55:54","date_gmt":"2022-04-11T00:55:54","guid":{"rendered":"https:\/\/eldiariodesanpedro.com.ar\/sitio\/?p=105908"},"modified":"2022-04-10T21:55:55","modified_gmt":"2022-04-11T00:55:55","slug":"los-detenidos-cabaleyro-y-espindola-por-extorsion-declararon-en-nuestra-fiscalia-con-un-importante-operativo-policial","status":"publish","type":"post","link":"https:\/\/eldiariodesanpedro.com.ar\/sitio\/los-detenidos-cabaleyro-y-espindola-por-extorsion-declararon-en-nuestra-fiscalia-con-un-importante-operativo-policial\/","title":{"rendered":"Los detenidos Cabaleyro y Esp\u00edndola por \u00abextorsi\u00f3n\u00bb declararon en nuestra fiscalia con un importante operativo policial"},"content":{"rendered":"<!-- VideographyWP Plugin Message: Automatic video embedding prevented by plugin options. -->\n\n<p>Los dirigentes de Camioneros fueron trasladados desde los calabozos de la DDI de San Nicol\u00e1s hasta la fiscal\u00eda de San Pedro para prestar declaraci\u00f3n. En las inmediaciones de la dependencia un grupo de afiliados al gremio de Moyano se acerc\u00f3 a apoyarlo mientras la polic\u00eda diagram\u00f3 un fuerte operativo en las inmediaciones del lugar.<\/p>\n\n\n\n<p>Mediante un clima de tensi\u00f3n generado por la presencia de un grupo de representantes del sindicato de Camioneros a metros de la fiscal\u00eda de nuestra ciudad en la ma\u00f1ana del domingo fueron trasladados a declarar los sindicalistas detenidos el pasado viernes.<\/p>\n\n\n\n<p>Maximiliano Cabaleyro y Fernando Esp\u00edndola, afrontan una causa por \u00abturbaci\u00f3n y extorci\u00f3n\u00bb, y se encontraban detenidos en los calabozos de la DDI en San Nicol\u00e1s. Durante la misma ma\u00f1ana fueron trasladado a San Pedro para declarar ante la fiscal Mar\u00eda del Valle Viviani que es quien instruye la causa luego de la denuncia efectuada por los representantes de la firma Rey Distribuci\u00f3n.<\/p>\n\n\n\n<p>En apoyo. Julio Cabaleyro arrib\u00f3 a San Pedro para acompa\u00f1ar de cerca la declaraci\u00f3n de su hijo detenidos.<\/p>\n\n\n\n<p>El caso est\u00e1 enmarcado en ese contexto y no por otras cuestiones que por ah\u00ed se intentan instalar, ni siquiera la hip\u00f3tesis del bloqueo al comercio o de una cuesti\u00f3n pol\u00edtica.<\/p>\n\n\n\n<p>Cabaleyro y Esp\u00edndola fueron detenidos el viernes luego de que la C\u00e1mara se expidiera tras la apelaci\u00f3n de la defensa e hiciera lugar a la medida del Juzgado de Garant\u00edas quien hab\u00eda determinado la detenci\u00f3n de los acusados luego de la solicitud de la fiscal\u00eda.<\/p>\n\n\n\n<p>Existe cierta expectativa en torno a la situaci\u00f3n de los acusados luego de la declaraci\u00f3n y la posibilidad de que sigan el proceso pero bajo una morigeraci\u00f3n.<\/p>\n\n\n\n<figure class=\"wp-block-image size-large\"><img decoding=\"async\" width=\"1024\" height=\"485\" data-attachment-id=\"105910\" data-permalink=\"https:\/\/eldiariodesanpedro.com.ar\/sitio\/los-detenidos-cabaleyro-y-espindola-por-extorsion-declararon-en-nuestra-fiscalia-con-un-importante-operativo-policial\/descarga-85\/\" data-orig-file=\"https:\/\/eldiariodesanpedro.com.ar\/sitio\/wp-content\/uploads\/2022\/04\/descarga.jpg\" data-orig-size=\"1200,568\" data-comments-opened=\"0\" data-image-meta=\"{&quot;aperture&quot;:&quot;0&quot;,&quot;credit&quot;:&quot;&quot;,&quot;camera&quot;:&quot;&quot;,&quot;caption&quot;:&quot;&quot;,&quot;created_timestamp&quot;:&quot;0&quot;,&quot;copyright&quot;:&quot;&quot;,&quot;focal_length&quot;:&quot;0&quot;,&quot;iso&quot;:&quot;0&quot;,&quot;shutter_speed&quot;:&quot;0&quot;,&quot;title&quot;:&quot;&quot;,&quot;orientation&quot;:&quot;0&quot;}\" data-image-title=\"descarga\" data-image-description=\"\" data-image-caption=\"\" data-large-file=\"https:\/\/eldiariodesanpedro.com.ar\/sitio\/wp-content\/uploads\/2022\/04\/descarga-1024x485.jpg\" data-src=\"https:\/\/eldiariodesanpedro.com.ar\/sitio\/wp-content\/uploads\/2022\/04\/descarga-1024x485.jpg\" alt=\"\" class=\"wp-image-105910 lazyload\" data-srcset=\"https:\/\/eldiariodesanpedro.com.ar\/sitio\/wp-content\/uploads\/2022\/04\/descarga-1024x485.jpg 1024w, https:\/\/eldiariodesanpedro.com.ar\/sitio\/wp-content\/uploads\/2022\/04\/descarga-300x142.jpg 300w, https:\/\/eldiariodesanpedro.com.ar\/sitio\/wp-content\/uploads\/2022\/04\/descarga-768x364.jpg 768w, https:\/\/eldiariodesanpedro.com.ar\/sitio\/wp-content\/uploads\/2022\/04\/descarga.jpg 1200w\" data-sizes=\"(max-width: 1024px) 100vw, 1024px\" src=\"data:image\/svg+xml;base64,PHN2ZyB3aWR0aD0iMSIgaGVpZ2h0PSIxIiB4bWxucz0iaHR0cDovL3d3dy53My5vcmcvMjAwMC9zdmciPjwvc3ZnPg==\" style=\"--smush-placeholder-width: 1024px; --smush-placeholder-aspect-ratio: 1024\/485;\" \/><\/figure>\n","protected":false},"excerpt":{"rendered":"<p>Los dirigentes de Camioneros fueron trasladados desde los calabozos de la DDI de San Nicol\u00e1s hasta la fiscal\u00eda de San Pedro para prestar declaraci\u00f3n. En las inmediaciones de la dependencia un grupo de afiliados al gremio de Moyano se acerc\u00f3 a apoyarlo mientras la polic\u00eda diagram\u00f3 un fuerte operativo en las inmediaciones del lugar. Mediante [&hellip;]<\/p>\n","protected":false},"author":4,"featured_media":105909,"comment_status":"closed","ping_status":"closed","sticky":false,"template":"","format":"standard","meta":{"om_disable_all_campaigns":false,"_jetpack_memberships_contains_paid_content":false,"footnotes":""},"categories":[50,101,2],"tags":[197,696,33,19],"class_list":["post-105908","post","type-post","status-publish","format-standard","has-post-thumbnail","hentry","category-destacadas","category-interes-general-locales","category-locales","tag-buenos-aires","tag-interes-general","tag-locales","tag-san-pedro"],"aioseo_notices":[],"gutentor_comment":0,"jetpack_featured_media_url":"https:\/\/eldiariodesanpedro.com.ar\/sitio\/wp-content\/uploads\/2022\/04\/0000020807-resized-1920x1080-1.jpg","jetpack_shortlink":"https:\/\/wp.me\/p6RhLt-ryc","jetpack_sharing_enabled":true,"_links":{"self":[{"href":"https:\/\/eldiariodesanpedro.com.ar\/sitio\/wp-json\/wp\/v2\/posts\/105908","targetHints":{"allow":["GET"]}}],"collection":[{"href":"https:\/\/eldiariodesanpedro.com.ar\/sitio\/wp-json\/wp\/v2\/posts"}],"about":[{"href":"https:\/\/eldiariodesanpedro.com.ar\/sitio\/wp-json\/wp\/v2\/types\/post"}],"author":[{"embeddable":true,"href":"https:\/\/eldiariodesanpedro.com.ar\/sitio\/wp-json\/wp\/v2\/users\/4"}],"replies":[{"embeddable":true,"href":"https:\/\/eldiariodesanpedro.com.ar\/sitio\/wp-json\/wp\/v2\/comments?post=105908"}],"version-history":[{"count":1,"href":"https:\/\/eldiariodesanpedro.com.ar\/sitio\/wp-json\/wp\/v2\/posts\/105908\/revisions"}],"predecessor-version":[{"id":105911,"href":"https:\/\/eldiariodesanpedro.com.ar\/sitio\/wp-json\/wp\/v2\/posts\/105908\/revisions\/105911"}],"wp:featuredmedia":[{"embeddable":true,"href":"https:\/\/eldiariodesanpedro.com.ar\/sitio\/wp-json\/wp\/v2\/media\/105909"}],"wp:attachment":[{"href":"https:\/\/eldiariodesanpedro.com.ar\/sitio\/wp-json\/wp\/v2\/media?parent=105908"}],"wp:term":[{"taxonomy":"category","embeddable":true,"href":"https:\/\/eldiariodesanpedro.com.ar\/sitio\/wp-json\/wp\/v2\/categories?post=105908"},{"taxonomy":"post_tag","embeddable":true,"href":"https:\/\/eldiariodesanpedro.com.ar\/sitio\/wp-json\/wp\/v2\/tags?post=105908"}],"curies":[{"name":"wp","href":"https:\/\/api.w.org\/{rel}","templated":true}]}}