{"id":105900,"date":"2022-04-10T21:46:13","date_gmt":"2022-04-11T00:46:13","guid":{"rendered":"https:\/\/eldiariodesanpedro.com.ar\/sitio\/?p=105900"},"modified":"2022-04-10T21:46:14","modified_gmt":"2022-04-11T00:46:14","slug":"homenaje-a-los-veteranos-de-malvinas-en-el-club","status":"publish","type":"post","link":"https:\/\/eldiariodesanpedro.com.ar\/sitio\/homenaje-a-los-veteranos-de-malvinas-en-el-club\/","title":{"rendered":"Homenaje a los Veteranos de Malvinas en el Club"},"content":{"rendered":"<!-- VideographyWP Plugin Message: Automatic video embedding prevented by plugin options. -->\n\n<p>La Comisi\u00f3n Directiva del Club N\u00e1utico complet\u00f3 este s\u00e1bado el homenaje a los Veteranos de Malvinas que comenz\u00f3 el s\u00e1bado 2 de abril pasado, con la presentaci\u00f3n de una plaqueta que fue entregada en el acto oficial por los 40 a\u00f1os del inicio de la guerra.<\/p>\n\n\n\n<p>En el Club Viejo se realiz\u00f3 un emotivo acto en el que se coloc\u00f3 definitivamente el homenaje en sector especial del emblem\u00e1tico chalet y se entregaron diplomas para los integrantes de la Asociaci\u00f3n de Veteranos de Malvinas de San Pedro.<\/p>\n\n\n\n<p>El Comodoro Marcos Arana dio la bienvenida, el Intendente Dr. Ram\u00f3n Salazar, a quien acompa\u00f1\u00f3 el Secretario de Coordinaci\u00f3n Hern\u00e1n Contreras tambi\u00e9n destac\u00f3 este homenaje, y el reconocimiento que merecen quienes formaron parte de aquella gesta hist\u00f3rica.<\/p>\n\n\n\n<p>Javier Saucedo, en representaci\u00f3n de los ex &#8211; combatientes agradeci\u00f3 esta invitaci\u00f3n del N\u00e1utico, de sus directivos y de los socios acompa\u00f1ado de Domingo Novaro, Sergio Cano, Ra\u00fal Ram\u00edrez y Jorge Mart\u00ednez, familiares y allegados.<\/p>\n\n\n\n<p>Se entregaron diplomas tambi\u00e9n para, Domingo Faustino Ancharek, Pablo Enrique Azimonti, Elvio Alberto Balcaza, Adri\u00e1n Oscar Montorfano, V\u00edctor Hugo R\u00edos, Vicente Am\u00e9rico De Marchi y los familiares de Jorge Alberto Andreetta y Jos\u00e9 Antonio Galb\u00e1n (fallecidos luego de la guerra), Mateo Antonio Sbert y Sergio Daniel Magliotti, fallecidos durante la guerra.<\/p>\n\n\n\n<p>Los veteranos socios del club, pasan a ser desde el mes pr\u00f3ximo adem\u00e1s \u00absocios honorarios\u00bb de la instituci\u00f3n.<\/p>\n\n\n\n<figure class=\"wp-block-image size-full\"><img decoding=\"async\" width=\"1013\" height=\"630\" data-attachment-id=\"105902\" data-permalink=\"https:\/\/eldiariodesanpedro.com.ar\/sitio\/homenaje-a-los-veteranos-de-malvinas-en-el-club\/whatsapp-image-2022-04-09-at-3-12-05-pm\/\" data-orig-file=\"https:\/\/eldiariodesanpedro.com.ar\/sitio\/wp-content\/uploads\/2022\/04\/WhatsApp-Image-2022-04-09-at-3.12.05-PM.jpeg\" data-orig-size=\"1013,630\" data-comments-opened=\"0\" data-image-meta=\"{&quot;aperture&quot;:&quot;0&quot;,&quot;credit&quot;:&quot;&quot;,&quot;camera&quot;:&quot;&quot;,&quot;caption&quot;:&quot;&quot;,&quot;created_timestamp&quot;:&quot;0&quot;,&quot;copyright&quot;:&quot;&quot;,&quot;focal_length&quot;:&quot;0&quot;,&quot;iso&quot;:&quot;0&quot;,&quot;shutter_speed&quot;:&quot;0&quot;,&quot;title&quot;:&quot;&quot;,&quot;orientation&quot;:&quot;0&quot;}\" data-image-title=\"WhatsApp Image 2022-04-09 at 3.12.05 PM\" data-image-description=\"\" data-image-caption=\"\" data-large-file=\"https:\/\/eldiariodesanpedro.com.ar\/sitio\/wp-content\/uploads\/2022\/04\/WhatsApp-Image-2022-04-09-at-3.12.05-PM.jpeg\" data-src=\"https:\/\/eldiariodesanpedro.com.ar\/sitio\/wp-content\/uploads\/2022\/04\/WhatsApp-Image-2022-04-09-at-3.12.05-PM.jpeg\" alt=\"\" class=\"wp-image-105902 lazyload\" data-srcset=\"https:\/\/eldiariodesanpedro.com.ar\/sitio\/wp-content\/uploads\/2022\/04\/WhatsApp-Image-2022-04-09-at-3.12.05-PM.jpeg 1013w, https:\/\/eldiariodesanpedro.com.ar\/sitio\/wp-content\/uploads\/2022\/04\/WhatsApp-Image-2022-04-09-at-3.12.05-PM-300x187.jpeg 300w, https:\/\/eldiariodesanpedro.com.ar\/sitio\/wp-content\/uploads\/2022\/04\/WhatsApp-Image-2022-04-09-at-3.12.05-PM-768x478.jpeg 768w\" data-sizes=\"(max-width: 1013px) 100vw, 1013px\" src=\"data:image\/svg+xml;base64,PHN2ZyB3aWR0aD0iMSIgaGVpZ2h0PSIxIiB4bWxucz0iaHR0cDovL3d3dy53My5vcmcvMjAwMC9zdmciPjwvc3ZnPg==\" style=\"--smush-placeholder-width: 1013px; --smush-placeholder-aspect-ratio: 1013\/630;\" \/><\/figure>\n\n\n\n<figure class=\"wp-block-image size-full\"><img decoding=\"async\" width=\"928\" height=\"630\" data-attachment-id=\"105901\" data-permalink=\"https:\/\/eldiariodesanpedro.com.ar\/sitio\/homenaje-a-los-veteranos-de-malvinas-en-el-club\/whatsapp-image-2022-04-09-at-3-12-05-pm-1\/\" data-orig-file=\"https:\/\/eldiariodesanpedro.com.ar\/sitio\/wp-content\/uploads\/2022\/04\/WhatsApp-Image-2022-04-09-at-3.12.05-PM-1.jpeg\" data-orig-size=\"928,630\" data-comments-opened=\"0\" data-image-meta=\"{&quot;aperture&quot;:&quot;0&quot;,&quot;credit&quot;:&quot;&quot;,&quot;camera&quot;:&quot;&quot;,&quot;caption&quot;:&quot;&quot;,&quot;created_timestamp&quot;:&quot;0&quot;,&quot;copyright&quot;:&quot;&quot;,&quot;focal_length&quot;:&quot;0&quot;,&quot;iso&quot;:&quot;0&quot;,&quot;shutter_speed&quot;:&quot;0&quot;,&quot;title&quot;:&quot;&quot;,&quot;orientation&quot;:&quot;0&quot;}\" data-image-title=\"WhatsApp Image 2022-04-09 at 3.12.05 PM (1)\" data-image-description=\"\" data-image-caption=\"\" data-large-file=\"https:\/\/eldiariodesanpedro.com.ar\/sitio\/wp-content\/uploads\/2022\/04\/WhatsApp-Image-2022-04-09-at-3.12.05-PM-1.jpeg\" data-src=\"https:\/\/eldiariodesanpedro.com.ar\/sitio\/wp-content\/uploads\/2022\/04\/WhatsApp-Image-2022-04-09-at-3.12.05-PM-1.jpeg\" alt=\"\" class=\"wp-image-105901 lazyload\" data-srcset=\"https:\/\/eldiariodesanpedro.com.ar\/sitio\/wp-content\/uploads\/2022\/04\/WhatsApp-Image-2022-04-09-at-3.12.05-PM-1.jpeg 928w, https:\/\/eldiariodesanpedro.com.ar\/sitio\/wp-content\/uploads\/2022\/04\/WhatsApp-Image-2022-04-09-at-3.12.05-PM-1-300x204.jpeg 300w, https:\/\/eldiariodesanpedro.com.ar\/sitio\/wp-content\/uploads\/2022\/04\/WhatsApp-Image-2022-04-09-at-3.12.05-PM-1-768x521.jpeg 768w\" data-sizes=\"(max-width: 928px) 100vw, 928px\" src=\"data:image\/svg+xml;base64,PHN2ZyB3aWR0aD0iMSIgaGVpZ2h0PSIxIiB4bWxucz0iaHR0cDovL3d3dy53My5vcmcvMjAwMC9zdmciPjwvc3ZnPg==\" style=\"--smush-placeholder-width: 928px; --smush-placeholder-aspect-ratio: 928\/630;\" \/><\/figure>\n\n\n\n<figure class=\"wp-block-image size-full\"><img decoding=\"async\" width=\"865\" height=\"630\" data-attachment-id=\"105906\" data-permalink=\"https:\/\/eldiariodesanpedro.com.ar\/sitio\/homenaje-a-los-veteranos-de-malvinas-en-el-club\/whatsapp-image-2022-04-09-at-3-12-07-pm\/\" data-orig-file=\"https:\/\/eldiariodesanpedro.com.ar\/sitio\/wp-content\/uploads\/2022\/04\/WhatsApp-Image-2022-04-09-at-3.12.07-PM.jpeg\" data-orig-size=\"865,630\" data-comments-opened=\"0\" data-image-meta=\"{&quot;aperture&quot;:&quot;0&quot;,&quot;credit&quot;:&quot;&quot;,&quot;camera&quot;:&quot;&quot;,&quot;caption&quot;:&quot;&quot;,&quot;created_timestamp&quot;:&quot;0&quot;,&quot;copyright&quot;:&quot;&quot;,&quot;focal_length&quot;:&quot;0&quot;,&quot;iso&quot;:&quot;0&quot;,&quot;shutter_speed&quot;:&quot;0&quot;,&quot;title&quot;:&quot;&quot;,&quot;orientation&quot;:&quot;0&quot;}\" data-image-title=\"WhatsApp Image 2022-04-09 at 3.12.07 PM\" data-image-description=\"\" data-image-caption=\"\" data-large-file=\"https:\/\/eldiariodesanpedro.com.ar\/sitio\/wp-content\/uploads\/2022\/04\/WhatsApp-Image-2022-04-09-at-3.12.07-PM.jpeg\" data-src=\"https:\/\/eldiariodesanpedro.com.ar\/sitio\/wp-content\/uploads\/2022\/04\/WhatsApp-Image-2022-04-09-at-3.12.07-PM.jpeg\" alt=\"\" class=\"wp-image-105906 lazyload\" data-srcset=\"https:\/\/eldiariodesanpedro.com.ar\/sitio\/wp-content\/uploads\/2022\/04\/WhatsApp-Image-2022-04-09-at-3.12.07-PM.jpeg 865w, https:\/\/eldiariodesanpedro.com.ar\/sitio\/wp-content\/uploads\/2022\/04\/WhatsApp-Image-2022-04-09-at-3.12.07-PM-300x218.jpeg 300w, https:\/\/eldiariodesanpedro.com.ar\/sitio\/wp-content\/uploads\/2022\/04\/WhatsApp-Image-2022-04-09-at-3.12.07-PM-768x559.jpeg 768w\" data-sizes=\"(max-width: 865px) 100vw, 865px\" src=\"data:image\/svg+xml;base64,PHN2ZyB3aWR0aD0iMSIgaGVpZ2h0PSIxIiB4bWxucz0iaHR0cDovL3d3dy53My5vcmcvMjAwMC9zdmciPjwvc3ZnPg==\" style=\"--smush-placeholder-width: 865px; --smush-placeholder-aspect-ratio: 865\/630;\" \/><\/figure>\n","protected":false},"excerpt":{"rendered":"<p>La Comisi\u00f3n Directiva del Club N\u00e1utico complet\u00f3 este s\u00e1bado el homenaje a los Veteranos de Malvinas que comenz\u00f3 el s\u00e1bado 2 de abril pasado, con la presentaci\u00f3n de una plaqueta que fue entregada en el acto oficial por los 40 a\u00f1os del inicio de la guerra. En el Club Viejo se realiz\u00f3 un emotivo acto [&hellip;]<\/p>\n","protected":false},"author":4,"featured_media":105903,"comment_status":"closed","ping_status":"closed","sticky":false,"template":"","format":"standard","meta":{"om_disable_all_campaigns":false,"_jetpack_memberships_contains_paid_content":false,"footnotes":""},"categories":[50,101,2],"tags":[197,696,33,19],"class_list":["post-105900","post","type-post","status-publish","format-standard","has-post-thumbnail","hentry","category-destacadas","category-interes-general-locales","category-locales","tag-buenos-aires","tag-interes-general","tag-locales","tag-san-pedro"],"aioseo_notices":[],"gutentor_comment":0,"jetpack_featured_media_url":"https:\/\/eldiariodesanpedro.com.ar\/sitio\/wp-content\/uploads\/2022\/04\/WhatsApp-Image-2022-04-09-at-3.12.06-PM-1.jpeg","jetpack_shortlink":"https:\/\/wp.me\/p6RhLt-ry4","jetpack_sharing_enabled":true,"_links":{"self":[{"href":"https:\/\/eldiariodesanpedro.com.ar\/sitio\/wp-json\/wp\/v2\/posts\/105900","targetHints":{"allow":["GET"]}}],"collection":[{"href":"https:\/\/eldiariodesanpedro.com.ar\/sitio\/wp-json\/wp\/v2\/posts"}],"about":[{"href":"https:\/\/eldiariodesanpedro.com.ar\/sitio\/wp-json\/wp\/v2\/types\/post"}],"author":[{"embeddable":true,"href":"https:\/\/eldiariodesanpedro.com.ar\/sitio\/wp-json\/wp\/v2\/users\/4"}],"replies":[{"embeddable":true,"href":"https:\/\/eldiariodesanpedro.com.ar\/sitio\/wp-json\/wp\/v2\/comments?post=105900"}],"version-history":[{"count":1,"href":"https:\/\/eldiariodesanpedro.com.ar\/sitio\/wp-json\/wp\/v2\/posts\/105900\/revisions"}],"predecessor-version":[{"id":105907,"href":"https:\/\/eldiariodesanpedro.com.ar\/sitio\/wp-json\/wp\/v2\/posts\/105900\/revisions\/105907"}],"wp:featuredmedia":[{"embeddable":true,"href":"https:\/\/eldiariodesanpedro.com.ar\/sitio\/wp-json\/wp\/v2\/media\/105903"}],"wp:attachment":[{"href":"https:\/\/eldiariodesanpedro.com.ar\/sitio\/wp-json\/wp\/v2\/media?parent=105900"}],"wp:term":[{"taxonomy":"category","embeddable":true,"href":"https:\/\/eldiariodesanpedro.com.ar\/sitio\/wp-json\/wp\/v2\/categories?post=105900"},{"taxonomy":"post_tag","embeddable":true,"href":"https:\/\/eldiariodesanpedro.com.ar\/sitio\/wp-json\/wp\/v2\/tags?post=105900"}],"curies":[{"name":"wp","href":"https:\/\/api.w.org\/{rel}","templated":true}]}}