{"id":105888,"date":"2022-04-10T20:22:11","date_gmt":"2022-04-10T23:22:11","guid":{"rendered":"https:\/\/eldiariodesanpedro.com.ar\/sitio\/?p=105888"},"modified":"2022-04-10T20:22:11","modified_gmt":"2022-04-10T23:22:11","slug":"choque-esta-madrugada-con-dos-menores-heridos-de-gravedad%ef%bf%bc","status":"publish","type":"post","link":"https:\/\/eldiariodesanpedro.com.ar\/sitio\/choque-esta-madrugada-con-dos-menores-heridos-de-gravedad%ef%bf%bc\/","title":{"rendered":"Choque esta madrugada con dos menores heridos de gravedad\ufffc"},"content":{"rendered":"<!-- VideographyWP Plugin Message: Automatic video embedding prevented by plugin options. -->\n\n<p>Este domingo alrededor de las 01 hs por razones que se tratan de establecer en Miguel Porta y Nieto de Torres, colision\u00f3 un autom\u00f3vil guiado por ciudadano de 50 a\u00f1os contra motocicleta guiada por ciudadano de 17 acompa\u00f1ado por una joven tambi\u00e9n de 17 a\u00f1os, razones estos \u00faltimos trasladados a guardia del nosocomio local presentando lesiones de car\u00e1cter graves.<\/p>\n","protected":false},"excerpt":{"rendered":"<p>Este domingo alrededor de las 01 hs por razones que se tratan de establecer en Miguel Porta y Nieto de Torres, colision\u00f3 un autom\u00f3vil guiado por ciudadano de 50 a\u00f1os contra motocicleta guiada por ciudadano de 17 acompa\u00f1ado por una joven tambi\u00e9n de 17 a\u00f1os, razones estos \u00faltimos trasladados a guardia del nosocomio local presentando [&hellip;]<\/p>\n","protected":false},"author":4,"featured_media":79665,"comment_status":"closed","ping_status":"closed","sticky":false,"template":"","format":"standard","meta":{"om_disable_all_campaigns":false,"_jetpack_memberships_contains_paid_content":false,"footnotes":""},"categories":[50,2,103],"tags":[197,33,95,19],"class_list":["post-105888","post","type-post","status-publish","format-standard","has-post-thumbnail","hentry","category-destacadas","category-locales","category-policiales-locales","tag-buenos-aires","tag-locales","tag-policiales","tag-san-pedro"],"aioseo_notices":[],"gutentor_comment":0,"jetpack_featured_media_url":"https:\/\/eldiariodesanpedro.com.ar\/sitio\/wp-content\/uploads\/2020\/08\/AMBULANCIA-SAME-EMERGENCIA-2-143972_600x315.jpg","jetpack_shortlink":"https:\/\/wp.me\/p6RhLt-rxS","jetpack_sharing_enabled":true,"_links":{"self":[{"href":"https:\/\/eldiariodesanpedro.com.ar\/sitio\/wp-json\/wp\/v2\/posts\/105888","targetHints":{"allow":["GET"]}}],"collection":[{"href":"https:\/\/eldiariodesanpedro.com.ar\/sitio\/wp-json\/wp\/v2\/posts"}],"about":[{"href":"https:\/\/eldiariodesanpedro.com.ar\/sitio\/wp-json\/wp\/v2\/types\/post"}],"author":[{"embeddable":true,"href":"https:\/\/eldiariodesanpedro.com.ar\/sitio\/wp-json\/wp\/v2\/users\/4"}],"replies":[{"embeddable":true,"href":"https:\/\/eldiariodesanpedro.com.ar\/sitio\/wp-json\/wp\/v2\/comments?post=105888"}],"version-history":[{"count":1,"href":"https:\/\/eldiariodesanpedro.com.ar\/sitio\/wp-json\/wp\/v2\/posts\/105888\/revisions"}],"predecessor-version":[{"id":105889,"href":"https:\/\/eldiariodesanpedro.com.ar\/sitio\/wp-json\/wp\/v2\/posts\/105888\/revisions\/105889"}],"wp:featuredmedia":[{"embeddable":true,"href":"https:\/\/eldiariodesanpedro.com.ar\/sitio\/wp-json\/wp\/v2\/media\/79665"}],"wp:attachment":[{"href":"https:\/\/eldiariodesanpedro.com.ar\/sitio\/wp-json\/wp\/v2\/media?parent=105888"}],"wp:term":[{"taxonomy":"category","embeddable":true,"href":"https:\/\/eldiariodesanpedro.com.ar\/sitio\/wp-json\/wp\/v2\/categories?post=105888"},{"taxonomy":"post_tag","embeddable":true,"href":"https:\/\/eldiariodesanpedro.com.ar\/sitio\/wp-json\/wp\/v2\/tags?post=105888"}],"curies":[{"name":"wp","href":"https:\/\/api.w.org\/{rel}","templated":true}]}}