{"id":105886,"date":"2022-04-10T20:11:18","date_gmt":"2022-04-10T23:11:18","guid":{"rendered":"https:\/\/eldiariodesanpedro.com.ar\/sitio\/?p=105886"},"modified":"2022-04-10T20:11:18","modified_gmt":"2022-04-10T23:11:18","slug":"un-nino-de-6-anos-atropellado-por-una-motociclista%ef%bf%bc","status":"publish","type":"post","link":"https:\/\/eldiariodesanpedro.com.ar\/sitio\/un-nino-de-6-anos-atropellado-por-una-motociclista%ef%bf%bc\/","title":{"rendered":"Un ni\u00f1o de 6 a\u00f1os atropellado por una motociclista\ufffc"},"content":{"rendered":"<!-- VideographyWP Plugin Message: Automatic video embedding prevented by plugin options. -->\n\n<p>Este s\u00e1bado la polic\u00eda tom\u00f3 intervenci\u00f3n por un accidente de tr\u00e1nsito donde un ni\u00f1o de 6 a\u00f1os fue atropellado por una motociclista.<\/p>\n\n\n\n<p>El hecho ocurri\u00f3 ayer alrededor de las 16 hs&nbsp; en Bajada al puerto n\u00b0 1800, donde ocurre un accidente de tr\u00e1nsito entre una motocicleta guiada por una mujer de 49 a\u00f1os la cual embisti\u00f3 al peat\u00f3n un ni\u00f1o de 6 a\u00f1os.&nbsp;<\/p>\n\n\n\n<p>El menor fue trasladado al nosocomio local Emilio Ruffa por la ambulancia del SAME y se determin\u00f3 que el mismo presenta lesiones leves de no mediar complicaciones, quedando en observaci\u00f3n en sala de pediatr\u00eda.<\/p>\n","protected":false},"excerpt":{"rendered":"<p>Este s\u00e1bado la polic\u00eda tom\u00f3 intervenci\u00f3n por un accidente de tr\u00e1nsito donde un ni\u00f1o de 6 a\u00f1os fue atropellado por una motociclista. El hecho ocurri\u00f3 ayer alrededor de las 16 hs&nbsp; en Bajada al puerto n\u00b0 1800, donde ocurre un accidente de tr\u00e1nsito entre una motocicleta guiada por una mujer de 49 a\u00f1os la cual [&hellip;]<\/p>\n","protected":false},"author":4,"featured_media":81053,"comment_status":"closed","ping_status":"closed","sticky":false,"template":"","format":"standard","meta":{"om_disable_all_campaigns":false,"_jetpack_memberships_contains_paid_content":false,"footnotes":""},"categories":[2,103],"tags":[197,33,95,19],"class_list":["post-105886","post","type-post","status-publish","format-standard","has-post-thumbnail","hentry","category-locales","category-policiales-locales","tag-buenos-aires","tag-locales","tag-policiales","tag-san-pedro"],"aioseo_notices":[],"gutentor_comment":0,"jetpack_featured_media_url":"https:\/\/eldiariodesanpedro.com.ar\/sitio\/wp-content\/uploads\/2020\/09\/guardia-940x528-1.jpg","jetpack_shortlink":"https:\/\/wp.me\/p6RhLt-rxQ","jetpack_sharing_enabled":true,"_links":{"self":[{"href":"https:\/\/eldiariodesanpedro.com.ar\/sitio\/wp-json\/wp\/v2\/posts\/105886","targetHints":{"allow":["GET"]}}],"collection":[{"href":"https:\/\/eldiariodesanpedro.com.ar\/sitio\/wp-json\/wp\/v2\/posts"}],"about":[{"href":"https:\/\/eldiariodesanpedro.com.ar\/sitio\/wp-json\/wp\/v2\/types\/post"}],"author":[{"embeddable":true,"href":"https:\/\/eldiariodesanpedro.com.ar\/sitio\/wp-json\/wp\/v2\/users\/4"}],"replies":[{"embeddable":true,"href":"https:\/\/eldiariodesanpedro.com.ar\/sitio\/wp-json\/wp\/v2\/comments?post=105886"}],"version-history":[{"count":1,"href":"https:\/\/eldiariodesanpedro.com.ar\/sitio\/wp-json\/wp\/v2\/posts\/105886\/revisions"}],"predecessor-version":[{"id":105887,"href":"https:\/\/eldiariodesanpedro.com.ar\/sitio\/wp-json\/wp\/v2\/posts\/105886\/revisions\/105887"}],"wp:featuredmedia":[{"embeddable":true,"href":"https:\/\/eldiariodesanpedro.com.ar\/sitio\/wp-json\/wp\/v2\/media\/81053"}],"wp:attachment":[{"href":"https:\/\/eldiariodesanpedro.com.ar\/sitio\/wp-json\/wp\/v2\/media?parent=105886"}],"wp:term":[{"taxonomy":"category","embeddable":true,"href":"https:\/\/eldiariodesanpedro.com.ar\/sitio\/wp-json\/wp\/v2\/categories?post=105886"},{"taxonomy":"post_tag","embeddable":true,"href":"https:\/\/eldiariodesanpedro.com.ar\/sitio\/wp-json\/wp\/v2\/tags?post=105886"}],"curies":[{"name":"wp","href":"https:\/\/api.w.org\/{rel}","templated":true}]}}