{"id":105884,"date":"2022-04-10T20:03:03","date_gmt":"2022-04-10T23:03:03","guid":{"rendered":"https:\/\/eldiariodesanpedro.com.ar\/sitio\/?p=105884"},"modified":"2022-04-10T20:03:04","modified_gmt":"2022-04-10T23:03:04","slug":"un-muchacho-de-33-anos-tomo-la-triste-decision-de-quitarse-la-vida%ef%bf%bc","status":"publish","type":"post","link":"https:\/\/eldiariodesanpedro.com.ar\/sitio\/un-muchacho-de-33-anos-tomo-la-triste-decision-de-quitarse-la-vida%ef%bf%bc\/","title":{"rendered":"Un muchacho de 33 a\u00f1os tom\u00f3 la triste decisi\u00f3n de quitarse la vida\ufffc"},"content":{"rendered":"<!-- VideographyWP Plugin Message: Automatic video embedding prevented by plugin options. -->\n\n<p>En la jornada de ayer s\u00e1bado alrededor de las&nbsp; 11 hs, la polic\u00eda tom\u00f3 intervenci\u00f3n ra\u00edz llamado 911, en interior de vivienda San Lorenzo al numeral 1500, yace el cuerpo sin vida de ciudadano de 33 a\u00f1os, quien se habr\u00eda quitado la vida siendo el mismo encontrado por sus familiares.&nbsp;<\/p>\n\n\n\n<p>Se solicita Peritos y operaci\u00f3n de autopsia, tomando intervenci\u00f3n Instructora Judicial UFI n\u00b0 11.<\/p>\n","protected":false},"excerpt":{"rendered":"<p>En la jornada de ayer s\u00e1bado alrededor de las&nbsp; 11 hs, la polic\u00eda tom\u00f3 intervenci\u00f3n ra\u00edz llamado 911, en interior de vivienda San Lorenzo al numeral 1500, yace el cuerpo sin vida de ciudadano de 33 a\u00f1os, quien se habr\u00eda quitado la vida siendo el mismo encontrado por sus familiares.&nbsp; Se solicita Peritos y operaci\u00f3n [&hellip;]<\/p>\n","protected":false},"author":4,"featured_media":5089,"comment_status":"closed","ping_status":"closed","sticky":false,"template":"","format":"standard","meta":{"om_disable_all_campaigns":false,"_jetpack_memberships_contains_paid_content":false,"footnotes":""},"categories":[2,103],"tags":[197,33,95,19],"class_list":["post-105884","post","type-post","status-publish","format-standard","has-post-thumbnail","hentry","category-locales","category-policiales-locales","tag-buenos-aires","tag-locales","tag-policiales","tag-san-pedro"],"aioseo_notices":[],"gutentor_comment":0,"jetpack_featured_media_url":"https:\/\/eldiariodesanpedro.com.ar\/sitio\/wp-content\/uploads\/2016\/06\/policia-cientifica.jpg","jetpack_shortlink":"https:\/\/wp.me\/p6RhLt-rxO","jetpack_sharing_enabled":true,"_links":{"self":[{"href":"https:\/\/eldiariodesanpedro.com.ar\/sitio\/wp-json\/wp\/v2\/posts\/105884","targetHints":{"allow":["GET"]}}],"collection":[{"href":"https:\/\/eldiariodesanpedro.com.ar\/sitio\/wp-json\/wp\/v2\/posts"}],"about":[{"href":"https:\/\/eldiariodesanpedro.com.ar\/sitio\/wp-json\/wp\/v2\/types\/post"}],"author":[{"embeddable":true,"href":"https:\/\/eldiariodesanpedro.com.ar\/sitio\/wp-json\/wp\/v2\/users\/4"}],"replies":[{"embeddable":true,"href":"https:\/\/eldiariodesanpedro.com.ar\/sitio\/wp-json\/wp\/v2\/comments?post=105884"}],"version-history":[{"count":1,"href":"https:\/\/eldiariodesanpedro.com.ar\/sitio\/wp-json\/wp\/v2\/posts\/105884\/revisions"}],"predecessor-version":[{"id":105885,"href":"https:\/\/eldiariodesanpedro.com.ar\/sitio\/wp-json\/wp\/v2\/posts\/105884\/revisions\/105885"}],"wp:featuredmedia":[{"embeddable":true,"href":"https:\/\/eldiariodesanpedro.com.ar\/sitio\/wp-json\/wp\/v2\/media\/5089"}],"wp:attachment":[{"href":"https:\/\/eldiariodesanpedro.com.ar\/sitio\/wp-json\/wp\/v2\/media?parent=105884"}],"wp:term":[{"taxonomy":"category","embeddable":true,"href":"https:\/\/eldiariodesanpedro.com.ar\/sitio\/wp-json\/wp\/v2\/categories?post=105884"},{"taxonomy":"post_tag","embeddable":true,"href":"https:\/\/eldiariodesanpedro.com.ar\/sitio\/wp-json\/wp\/v2\/tags?post=105884"}],"curies":[{"name":"wp","href":"https:\/\/api.w.org\/{rel}","templated":true}]}}