{"id":105882,"date":"2022-04-10T19:53:17","date_gmt":"2022-04-10T22:53:17","guid":{"rendered":"https:\/\/eldiariodesanpedro.com.ar\/sitio\/?p=105882"},"modified":"2022-04-10T19:53:17","modified_gmt":"2022-04-10T22:53:17","slug":"un-aprehendido-en-santa-lucia-por-violencia-de-genero-y-resistencia-a-la-autoridad%ef%bf%bc","status":"publish","type":"post","link":"https:\/\/eldiariodesanpedro.com.ar\/sitio\/un-aprehendido-en-santa-lucia-por-violencia-de-genero-y-resistencia-a-la-autoridad%ef%bf%bc\/","title":{"rendered":"Un aprehendido en Santa Luc\u00eda por violencia de g\u00e9nero y resistencia a la autoridad\ufffc"},"content":{"rendered":"<!-- VideographyWP Plugin Message: Automatic video embedding prevented by plugin options. -->\n\n<p>Este s\u00e1bado alrededor de las 06:30 hs el personal del Destacamento Santa Luc\u00eda a ra\u00edz recorrido control nocturnidad se hace presente en calle Fray C. Rodr\u00edguez esquina San Mart\u00edn, aprehende infraganti a ciudadano de 17 a\u00f1os&nbsp; quien se encontraba agrediendo f\u00edsicamente a pareja una mujer de 22 a\u00f1os que se encontraba en la v\u00eda p\u00fablica.&nbsp;<\/p>\n\n\n\n<p>A consecuencia del proceder policial el agresor opone resistencia y atenta f\u00edsicamente contra los efectivos.<\/p>\n","protected":false},"excerpt":{"rendered":"<p>Este s\u00e1bado alrededor de las 06:30 hs el personal del Destacamento Santa Luc\u00eda a ra\u00edz recorrido control nocturnidad se hace presente en calle Fray C. Rodr\u00edguez esquina San Mart\u00edn, aprehende infraganti a ciudadano de 17 a\u00f1os&nbsp; quien se encontraba agrediendo f\u00edsicamente a pareja una mujer de 22 a\u00f1os que se encontraba en la v\u00eda p\u00fablica.&nbsp; [&hellip;]<\/p>\n","protected":false},"author":4,"featured_media":80172,"comment_status":"closed","ping_status":"closed","sticky":false,"template":"","format":"standard","meta":{"om_disable_all_campaigns":false,"_jetpack_memberships_contains_paid_content":false,"footnotes":""},"categories":[2,103],"tags":[197,33,95,19],"class_list":["post-105882","post","type-post","status-publish","format-standard","has-post-thumbnail","hentry","category-locales","category-policiales-locales","tag-buenos-aires","tag-locales","tag-policiales","tag-san-pedro"],"aioseo_notices":[],"gutentor_comment":0,"jetpack_featured_media_url":"https:\/\/eldiariodesanpedro.com.ar\/sitio\/wp-content\/uploads\/2020\/08\/lvp.lvp_.img_nv000592.jpg","jetpack_shortlink":"https:\/\/wp.me\/p6RhLt-rxM","jetpack_sharing_enabled":true,"_links":{"self":[{"href":"https:\/\/eldiariodesanpedro.com.ar\/sitio\/wp-json\/wp\/v2\/posts\/105882","targetHints":{"allow":["GET"]}}],"collection":[{"href":"https:\/\/eldiariodesanpedro.com.ar\/sitio\/wp-json\/wp\/v2\/posts"}],"about":[{"href":"https:\/\/eldiariodesanpedro.com.ar\/sitio\/wp-json\/wp\/v2\/types\/post"}],"author":[{"embeddable":true,"href":"https:\/\/eldiariodesanpedro.com.ar\/sitio\/wp-json\/wp\/v2\/users\/4"}],"replies":[{"embeddable":true,"href":"https:\/\/eldiariodesanpedro.com.ar\/sitio\/wp-json\/wp\/v2\/comments?post=105882"}],"version-history":[{"count":1,"href":"https:\/\/eldiariodesanpedro.com.ar\/sitio\/wp-json\/wp\/v2\/posts\/105882\/revisions"}],"predecessor-version":[{"id":105883,"href":"https:\/\/eldiariodesanpedro.com.ar\/sitio\/wp-json\/wp\/v2\/posts\/105882\/revisions\/105883"}],"wp:featuredmedia":[{"embeddable":true,"href":"https:\/\/eldiariodesanpedro.com.ar\/sitio\/wp-json\/wp\/v2\/media\/80172"}],"wp:attachment":[{"href":"https:\/\/eldiariodesanpedro.com.ar\/sitio\/wp-json\/wp\/v2\/media?parent=105882"}],"wp:term":[{"taxonomy":"category","embeddable":true,"href":"https:\/\/eldiariodesanpedro.com.ar\/sitio\/wp-json\/wp\/v2\/categories?post=105882"},{"taxonomy":"post_tag","embeddable":true,"href":"https:\/\/eldiariodesanpedro.com.ar\/sitio\/wp-json\/wp\/v2\/tags?post=105882"}],"curies":[{"name":"wp","href":"https:\/\/api.w.org\/{rel}","templated":true}]}}