{"id":10586,"date":"2016-11-23T20:15:48","date_gmt":"2016-11-23T23:15:48","guid":{"rendered":"https:\/\/eldiariodesanpedro.com.ar\/sitio\/?p=10586"},"modified":"2016-11-23T20:16:04","modified_gmt":"2016-11-23T23:16:04","slug":"tras-la-indagatoria-se-define-la-situacion-del-unico-aprehendido-por-la-causa-del-homicidio-de-caballero","status":"publish","type":"post","link":"https:\/\/eldiariodesanpedro.com.ar\/sitio\/tras-la-indagatoria-se-define-la-situacion-del-unico-aprehendido-por-la-causa-del-homicidio-de-caballero\/","title":{"rendered":"Tras la indagatoria se define la situaci\u00f3n del \u00fanico aprehendido por la causa del homicidio de Caballero"},"content":{"rendered":"<p><!-- VideographyWP Plugin Message: Automatic video embedding prevented by plugin options. --><br \/>\nCerca de las 11.30 de ayer fue trasladado desde la comisar\u00eda el aprehendido por la causa del homicidio de Pedro Caballero. El fiscal Marcelo Manso le tom\u00f3 declaraci\u00f3n indagatoria al joven sindicado como part\u00edcipe de la ri\u00f1a en la que fue herido mortalmente el joven oriundo de Ramos Mej\u00eda.<\/p>\n<p>La Fiscal\u00eda pidi\u00f3 la detenci\u00f3n al Juzgado de Garant\u00edas y. aunque no est\u00e1 confirmado, la car\u00e1tula ser\u00eda \u201cHomicidio simple con acontecimiento de arma blanca\u201d. Con los resultados de las indagatoria del d\u00eda de ayer, m\u00e1s este testimonio y otro elementos que aportan a la causa, el titular de la UFI N\u00ba5 espera que el Juez de Garant\u00edas, Ricardo Pratti, determine la medida procesal que permita que el involucrado en la causa contin\u00fae alojado en la comisar\u00eda.<\/p>\n<p>Cabe recordar que esta persona ha sido identificada como part\u00edcipe de la pelea que se gener\u00f3 el 13 de noviembre, pero no como el autor del hecho.<\/p>\n<p><strong>\u201cNadie lo ve con un cuchillo en la mano\u201d<\/strong><\/p>\n<p>El Dr. Alejandro Ares, defensor oficial del joven que fue aprehendido ayer por orden del fiscal Marcelo Manso en el marco de la causa por el asesinato de Pedro Caballero, explic\u00f3 a trav\u00e9s de Radio APA San Pedro que \u201cdos personas lo se\u00f1alan como part\u00edcipe de la ri\u00f1a, eso es lo que pudieron aportar las personas que participaron de la rueda de reconocimiento\u201d. Y en ese sentido, asever\u00f3: \u201cNadie lo ve con un cuchillo en la mano\u201d, asegur\u00f3 a trav\u00e9s de la emisora.<\/p>\n<p>Tal cual adelantamos ayer, ahora el Juez de Garant\u00edas que entiende en la causa deber\u00e1 determinar su detenci\u00f3n o su liberaci\u00f3n, a partir de los elementos que entregue Marcelo Manso tras los reconocimientos del d\u00eda de ayer.<\/p>\n<p>Pasaron m\u00e1s de 20 testigos a participar de una ronda de reconocimiento con el objetivo de que sea identificado el posible autor del homicidio del joven oriundo de Ramos Mej\u00eda.<\/p>\n<p>Se mont\u00f3 en las primeras horas de la tarde de ayer un gran operativo en Fiscal\u00eda de nuestra ciudad para el arribo de unas 10 personas, entre los que se hallaban dos de las tres personas sospechadas de estar involucradas en el violento hecho que termin\u00f3 con la vida de Caballero.<\/p>\n<p><strong>Familiares y amigos convocan a una marcha<\/strong><\/p>\n<p>\u00abEstamos preparando la marcha con la mam\u00e1 de Ezequiel Monti\u00bb (Madres del Dolor), dijo Mar\u00eda del Carmen, madre del joven que falleci\u00f3 en el local de esparcimiento nocturno a trav\u00e9s de la Radio 92.3.<\/p>\n<p>En tanto que confirm\u00f3 que, si bien falta ajustar detalles, la manifestaci\u00f3n partir\u00e1 desde la Fiscal\u00eda y se desarrollar\u00e1 hasta N\u00e1pole, \u00abdonde mi hijo falleci\u00f3\u00bb, dijo la mujer a trav\u00e9s de la emisora.<\/p>\n<p>En tanto que amigos y familiares aseguraron que ser\u00e1n acompa\u00f1ados por un nutrido grupo de personas. En el velatorio hubo unas 300 personas\u00bb, acot\u00f3 uno de ellos. \u00abSeguramente nos van a acompa\u00f1ar la semana que viene\u00bb.<\/p>\n","protected":false},"excerpt":{"rendered":"<p>Cerca de las 11.30 de ayer fue trasladado desde la comisar\u00eda el aprehendido por la causa del homicidio de Pedro Caballero. El fiscal Marcelo Manso le tom\u00f3 declaraci\u00f3n indagatoria al joven sindicado como part\u00edcipe de la ri\u00f1a en la que fue herido mortalmente el joven oriundo de Ramos Mej\u00eda. La Fiscal\u00eda pidi\u00f3 la detenci\u00f3n al [&hellip;]<\/p>\n","protected":false},"author":4,"featured_media":10587,"comment_status":"open","ping_status":"closed","sticky":false,"template":"","format":"standard","meta":{"om_disable_all_campaigns":false,"_jetpack_memberships_contains_paid_content":false,"footnotes":""},"categories":[2,103],"tags":[],"class_list":["post-10586","post","type-post","status-publish","format-standard","has-post-thumbnail","hentry","category-locales","category-policiales-locales"],"aioseo_notices":[],"gutentor_comment":0,"jetpack_featured_media_url":"https:\/\/eldiariodesanpedro.com.ar\/sitio\/wp-content\/uploads\/2016\/11\/PAGINA-5-6.jpg","jetpack_shortlink":"https:\/\/wp.me\/p6RhLt-2KK","jetpack_sharing_enabled":true,"_links":{"self":[{"href":"https:\/\/eldiariodesanpedro.com.ar\/sitio\/wp-json\/wp\/v2\/posts\/10586","targetHints":{"allow":["GET"]}}],"collection":[{"href":"https:\/\/eldiariodesanpedro.com.ar\/sitio\/wp-json\/wp\/v2\/posts"}],"about":[{"href":"https:\/\/eldiariodesanpedro.com.ar\/sitio\/wp-json\/wp\/v2\/types\/post"}],"author":[{"embeddable":true,"href":"https:\/\/eldiariodesanpedro.com.ar\/sitio\/wp-json\/wp\/v2\/users\/4"}],"replies":[{"embeddable":true,"href":"https:\/\/eldiariodesanpedro.com.ar\/sitio\/wp-json\/wp\/v2\/comments?post=10586"}],"version-history":[{"count":1,"href":"https:\/\/eldiariodesanpedro.com.ar\/sitio\/wp-json\/wp\/v2\/posts\/10586\/revisions"}],"predecessor-version":[{"id":10588,"href":"https:\/\/eldiariodesanpedro.com.ar\/sitio\/wp-json\/wp\/v2\/posts\/10586\/revisions\/10588"}],"wp:featuredmedia":[{"embeddable":true,"href":"https:\/\/eldiariodesanpedro.com.ar\/sitio\/wp-json\/wp\/v2\/media\/10587"}],"wp:attachment":[{"href":"https:\/\/eldiariodesanpedro.com.ar\/sitio\/wp-json\/wp\/v2\/media?parent=10586"}],"wp:term":[{"taxonomy":"category","embeddable":true,"href":"https:\/\/eldiariodesanpedro.com.ar\/sitio\/wp-json\/wp\/v2\/categories?post=10586"},{"taxonomy":"post_tag","embeddable":true,"href":"https:\/\/eldiariodesanpedro.com.ar\/sitio\/wp-json\/wp\/v2\/tags?post=10586"}],"curies":[{"name":"wp","href":"https:\/\/api.w.org\/{rel}","templated":true}]}}