{"id":10583,"date":"2016-11-23T20:11:52","date_gmt":"2016-11-23T23:11:52","guid":{"rendered":"https:\/\/eldiariodesanpedro.com.ar\/sitio\/?p=10583"},"modified":"2016-11-23T20:11:52","modified_gmt":"2016-11-23T23:11:52","slug":"chiarella-presente-en-congreso-provincial-de-ninez-y-adolescencia","status":"publish","type":"post","link":"https:\/\/eldiariodesanpedro.com.ar\/sitio\/chiarella-presente-en-congreso-provincial-de-ninez-y-adolescencia\/","title":{"rendered":"Chiarella presente en Congreso Provincial de Ni\u00f1ez y Adolescencia"},"content":{"rendered":"<p><!-- VideographyWP Plugin Message: Automatic video embedding prevented by plugin options. --><br \/>\nLa secretaria de Desarrollo Humano particip\u00f3 hoy del encuentro que se desarrolla en la ciudad de Mar del Plata. Asisti\u00f3 como Consejera Titular en representaci\u00f3n de la Municipalidad de San Pedro.<\/p>\n<p>Durante la jornada a cargo del gobierno de Mar\u00eda Eugenia Vidal, expuso el director provincial de Salud Mental y Adicciones, Pablo Herrera, entre otros importantes profesionales.<\/p>\n<p>Los conocimientos adquiridos ser\u00e1n trasmitidos a los trabajadores de la Secretar\u00eda para que puedan ser volcados al territorio.<\/p>\n","protected":false},"excerpt":{"rendered":"<p>La secretaria de Desarrollo Humano particip\u00f3 hoy del encuentro que se desarrolla en la ciudad de Mar del Plata. Asisti\u00f3 como Consejera Titular en representaci\u00f3n de la Municipalidad de San Pedro. Durante la jornada a cargo del gobierno de Mar\u00eda Eugenia Vidal, expuso el director provincial de Salud Mental y Adicciones, Pablo Herrera, entre otros [&hellip;]<\/p>\n","protected":false},"author":4,"featured_media":4346,"comment_status":"open","ping_status":"closed","sticky":false,"template":"","format":"standard","meta":{"om_disable_all_campaigns":false,"_jetpack_memberships_contains_paid_content":false,"footnotes":""},"categories":[101,2],"tags":[],"class_list":["post-10583","post","type-post","status-publish","format-standard","has-post-thumbnail","hentry","category-interes-general-locales","category-locales"],"aioseo_notices":[],"gutentor_comment":0,"jetpack_featured_media_url":"https:\/\/eldiariodesanpedro.com.ar\/sitio\/wp-content\/uploads\/2016\/05\/Karina-Chiarella.jpg","jetpack_shortlink":"https:\/\/wp.me\/p6RhLt-2KH","jetpack_sharing_enabled":true,"_links":{"self":[{"href":"https:\/\/eldiariodesanpedro.com.ar\/sitio\/wp-json\/wp\/v2\/posts\/10583","targetHints":{"allow":["GET"]}}],"collection":[{"href":"https:\/\/eldiariodesanpedro.com.ar\/sitio\/wp-json\/wp\/v2\/posts"}],"about":[{"href":"https:\/\/eldiariodesanpedro.com.ar\/sitio\/wp-json\/wp\/v2\/types\/post"}],"author":[{"embeddable":true,"href":"https:\/\/eldiariodesanpedro.com.ar\/sitio\/wp-json\/wp\/v2\/users\/4"}],"replies":[{"embeddable":true,"href":"https:\/\/eldiariodesanpedro.com.ar\/sitio\/wp-json\/wp\/v2\/comments?post=10583"}],"version-history":[{"count":2,"href":"https:\/\/eldiariodesanpedro.com.ar\/sitio\/wp-json\/wp\/v2\/posts\/10583\/revisions"}],"predecessor-version":[{"id":10585,"href":"https:\/\/eldiariodesanpedro.com.ar\/sitio\/wp-json\/wp\/v2\/posts\/10583\/revisions\/10585"}],"wp:featuredmedia":[{"embeddable":true,"href":"https:\/\/eldiariodesanpedro.com.ar\/sitio\/wp-json\/wp\/v2\/media\/4346"}],"wp:attachment":[{"href":"https:\/\/eldiariodesanpedro.com.ar\/sitio\/wp-json\/wp\/v2\/media?parent=10583"}],"wp:term":[{"taxonomy":"category","embeddable":true,"href":"https:\/\/eldiariodesanpedro.com.ar\/sitio\/wp-json\/wp\/v2\/categories?post=10583"},{"taxonomy":"post_tag","embeddable":true,"href":"https:\/\/eldiariodesanpedro.com.ar\/sitio\/wp-json\/wp\/v2\/tags?post=10583"}],"curies":[{"name":"wp","href":"https:\/\/api.w.org\/{rel}","templated":true}]}}