{"id":10581,"date":"2016-11-23T20:08:53","date_gmt":"2016-11-23T23:08:53","guid":{"rendered":"https:\/\/eldiariodesanpedro.com.ar\/sitio\/?p=10581"},"modified":"2016-11-23T20:08:53","modified_gmt":"2016-11-23T23:08:53","slug":"jornadas-sobre-celiaquia-y-diabetes","status":"publish","type":"post","link":"https:\/\/eldiariodesanpedro.com.ar\/sitio\/jornadas-sobre-celiaquia-y-diabetes\/","title":{"rendered":"Jornadas sobre celiaqu\u00eda y diabetes"},"content":{"rendered":"<p><!-- VideographyWP Plugin Message: Automatic video embedding prevented by plugin options. --><br \/>\nEl d\u00eda de hoy, en el CIC, personal de la Secretar\u00eda de Desarrollo Humano, Bromatolog\u00eda y Salud trat\u00f3 junto a vecinos la ordenanza sobre venta de alimentos para cel\u00edacos.<\/p>\n<p>Posteriormente hubo una charla sobre la ley 26.914, sancionada en 2013, que prev\u00e9 la divulgaci\u00f3n de la problem\u00e1tica derivada de la enfermedad diab\u00e9tica y sus complicaciones, tendiente al reconocimiento temprano de la misma, su tratamiento y adecuado control.<\/p>\n<p>Por \u00faltimo, representantes de Anses asesoraron a vecinos sobre los diferentes programas y planes que llevan adelante.<\/p>\n","protected":false},"excerpt":{"rendered":"<p>El d\u00eda de hoy, en el CIC, personal de la Secretar\u00eda de Desarrollo Humano, Bromatolog\u00eda y Salud trat\u00f3 junto a vecinos la ordenanza sobre venta de alimentos para cel\u00edacos. Posteriormente hubo una charla sobre la ley 26.914, sancionada en 2013, que prev\u00e9 la divulgaci\u00f3n de la problem\u00e1tica derivada de la enfermedad diab\u00e9tica y sus complicaciones, [&hellip;]<\/p>\n","protected":false},"author":4,"featured_media":3126,"comment_status":"open","ping_status":"closed","sticky":false,"template":"","format":"standard","meta":{"om_disable_all_campaigns":false,"_jetpack_memberships_contains_paid_content":false,"footnotes":""},"categories":[101,2],"tags":[],"class_list":["post-10581","post","type-post","status-publish","format-standard","has-post-thumbnail","hentry","category-interes-general-locales","category-locales"],"aioseo_notices":[],"gutentor_comment":0,"jetpack_featured_media_url":"https:\/\/eldiariodesanpedro.com.ar\/sitio\/wp-content\/uploads\/2016\/04\/Centro-de-Comercio-e-industria.jpg","jetpack_shortlink":"https:\/\/wp.me\/p6RhLt-2KF","jetpack_sharing_enabled":true,"_links":{"self":[{"href":"https:\/\/eldiariodesanpedro.com.ar\/sitio\/wp-json\/wp\/v2\/posts\/10581","targetHints":{"allow":["GET"]}}],"collection":[{"href":"https:\/\/eldiariodesanpedro.com.ar\/sitio\/wp-json\/wp\/v2\/posts"}],"about":[{"href":"https:\/\/eldiariodesanpedro.com.ar\/sitio\/wp-json\/wp\/v2\/types\/post"}],"author":[{"embeddable":true,"href":"https:\/\/eldiariodesanpedro.com.ar\/sitio\/wp-json\/wp\/v2\/users\/4"}],"replies":[{"embeddable":true,"href":"https:\/\/eldiariodesanpedro.com.ar\/sitio\/wp-json\/wp\/v2\/comments?post=10581"}],"version-history":[{"count":1,"href":"https:\/\/eldiariodesanpedro.com.ar\/sitio\/wp-json\/wp\/v2\/posts\/10581\/revisions"}],"predecessor-version":[{"id":10582,"href":"https:\/\/eldiariodesanpedro.com.ar\/sitio\/wp-json\/wp\/v2\/posts\/10581\/revisions\/10582"}],"wp:featuredmedia":[{"embeddable":true,"href":"https:\/\/eldiariodesanpedro.com.ar\/sitio\/wp-json\/wp\/v2\/media\/3126"}],"wp:attachment":[{"href":"https:\/\/eldiariodesanpedro.com.ar\/sitio\/wp-json\/wp\/v2\/media?parent=10581"}],"wp:term":[{"taxonomy":"category","embeddable":true,"href":"https:\/\/eldiariodesanpedro.com.ar\/sitio\/wp-json\/wp\/v2\/categories?post=10581"},{"taxonomy":"post_tag","embeddable":true,"href":"https:\/\/eldiariodesanpedro.com.ar\/sitio\/wp-json\/wp\/v2\/tags?post=10581"}],"curies":[{"name":"wp","href":"https:\/\/api.w.org\/{rel}","templated":true}]}}