{"id":105786,"date":"2022-04-07T18:06:32","date_gmt":"2022-04-07T21:06:32","guid":{"rendered":"https:\/\/eldiariodesanpedro.com.ar\/sitio\/?p=105786"},"modified":"2022-04-07T18:06:33","modified_gmt":"2022-04-07T21:06:33","slug":"avanzan-los-preparativos-para-marea-el-primer-encuentro-feminista-y-diverso-de-la-region","status":"publish","type":"post","link":"https:\/\/eldiariodesanpedro.com.ar\/sitio\/avanzan-los-preparativos-para-marea-el-primer-encuentro-feminista-y-diverso-de-la-region\/","title":{"rendered":"Avanzan los preparativos para \u00abMarea\u00bb, el primer encuentro feminista y diverso de la regi\u00f3n"},"content":{"rendered":"<!-- VideographyWP Plugin Message: Automatic video embedding prevented by plugin options. -->\n\n<p>Este jueves estuvo en San Pedro la Coordinadora de Acci\u00f3n Territorial de la subsecretar\u00eda de Pol\u00edticas de G\u00e9nero y Diversidad Sexual del Ministerio de las Mujeres, Pol\u00edticas de G\u00e9nero y Diversidad Sexual bonaerense, Evelyn Flores, para avanzar en la organizaci\u00f3n de \u00abMarea\u00bb, el primer encuentro feminista y diverso de la Regi\u00f3n II.<\/p>\n\n\n\n<p>En primera instancia fue recibida por la secretaria de Pol\u00edticas de G\u00e9nero, Mujeres y Diversidad, Laura Monfasani, junto a parte del equipo del \u00e1rea, para luego trasladarse a la Municipalidad donde compartieron un encuentro con el secretario de Gobierno, Pablo Vlaeminck.<\/p>\n\n\n\n<p>Durante la jornada se avanz\u00f3 en la planificaci\u00f3n del evento que se concretar\u00e1 el 23 de abril en el Paseo P\u00fablico municipal, desde las 13.00, con la participaci\u00f3n de asistentes de toda la segunda secci\u00f3n que trabajar\u00e1n en distintas comisiones (Masculinidades; Diversidad; Cupo laboral, salud, salud sexual y reproductiva; Gesti\u00f3n menstrual; Corresponsabilidad en los cuidados, obligaci\u00f3n alimentaria y endeudamiento; Diversidad Corporal).<\/p>\n\n\n\n<p>El evento, que culminar\u00e1 con la actuaci\u00f3n de Miss Bolivia, contar\u00e1 con la presencia de la ministra Estela D\u00edaz y el intendente Ram\u00f3n Salazar, quienes encabezar\u00e1n el cierre pol\u00edtico de la jornada.<\/p>\n\n\n\n<p>Recordamos que la participaci\u00f3n en los talleres requiere inscripci\u00f3n previa, a trav\u00e9s del siguiente link <a href=\"https:\/\/bit.ly\/3uhzgQN\">https:\/\/bit.ly\/3uhzgQN<\/a><\/p>\n\n\n\n<figure class=\"wp-block-image size-full\"><img decoding=\"async\" width=\"840\" height=\"630\" data-attachment-id=\"105787\" data-permalink=\"https:\/\/eldiariodesanpedro.com.ar\/sitio\/avanzan-los-preparativos-para-marea-el-primer-encuentro-feminista-y-diverso-de-la-region\/whatsapp-image-2022-04-07-at-3-52-10-pm-1\/\" data-orig-file=\"https:\/\/eldiariodesanpedro.com.ar\/sitio\/wp-content\/uploads\/2022\/04\/WhatsApp-Image-2022-04-07-at-3.52.10-PM-1.jpeg\" data-orig-size=\"840,630\" data-comments-opened=\"0\" data-image-meta=\"{&quot;aperture&quot;:&quot;0&quot;,&quot;credit&quot;:&quot;&quot;,&quot;camera&quot;:&quot;&quot;,&quot;caption&quot;:&quot;&quot;,&quot;created_timestamp&quot;:&quot;0&quot;,&quot;copyright&quot;:&quot;&quot;,&quot;focal_length&quot;:&quot;0&quot;,&quot;iso&quot;:&quot;0&quot;,&quot;shutter_speed&quot;:&quot;0&quot;,&quot;title&quot;:&quot;&quot;,&quot;orientation&quot;:&quot;0&quot;}\" data-image-title=\"WhatsApp Image 2022-04-07 at 3.52.10 PM (1)\" data-image-description=\"\" data-image-caption=\"\" data-large-file=\"https:\/\/eldiariodesanpedro.com.ar\/sitio\/wp-content\/uploads\/2022\/04\/WhatsApp-Image-2022-04-07-at-3.52.10-PM-1.jpeg\" data-src=\"https:\/\/eldiariodesanpedro.com.ar\/sitio\/wp-content\/uploads\/2022\/04\/WhatsApp-Image-2022-04-07-at-3.52.10-PM-1.jpeg\" alt=\"\" class=\"wp-image-105787 lazyload\" data-srcset=\"https:\/\/eldiariodesanpedro.com.ar\/sitio\/wp-content\/uploads\/2022\/04\/WhatsApp-Image-2022-04-07-at-3.52.10-PM-1.jpeg 840w, https:\/\/eldiariodesanpedro.com.ar\/sitio\/wp-content\/uploads\/2022\/04\/WhatsApp-Image-2022-04-07-at-3.52.10-PM-1-300x225.jpeg 300w, https:\/\/eldiariodesanpedro.com.ar\/sitio\/wp-content\/uploads\/2022\/04\/WhatsApp-Image-2022-04-07-at-3.52.10-PM-1-768x576.jpeg 768w\" data-sizes=\"(max-width: 840px) 100vw, 840px\" src=\"data:image\/svg+xml;base64,PHN2ZyB3aWR0aD0iMSIgaGVpZ2h0PSIxIiB4bWxucz0iaHR0cDovL3d3dy53My5vcmcvMjAwMC9zdmciPjwvc3ZnPg==\" style=\"--smush-placeholder-width: 840px; --smush-placeholder-aspect-ratio: 840\/630;\" \/><\/figure>\n","protected":false},"excerpt":{"rendered":"<p>Este jueves estuvo en San Pedro la Coordinadora de Acci\u00f3n Territorial de la subsecretar\u00eda de Pol\u00edticas de G\u00e9nero y Diversidad Sexual del Ministerio de las Mujeres, Pol\u00edticas de G\u00e9nero y Diversidad Sexual bonaerense, Evelyn Flores, para avanzar en la organizaci\u00f3n de \u00abMarea\u00bb, el primer encuentro feminista y diverso de la Regi\u00f3n II. En primera instancia [&hellip;]<\/p>\n","protected":false},"author":4,"featured_media":105788,"comment_status":"closed","ping_status":"closed","sticky":false,"template":"","format":"standard","meta":{"om_disable_all_campaigns":false,"_jetpack_memberships_contains_paid_content":false,"footnotes":""},"categories":[50,101,2],"tags":[197,696,33,19],"class_list":["post-105786","post","type-post","status-publish","format-standard","has-post-thumbnail","hentry","category-destacadas","category-interes-general-locales","category-locales","tag-buenos-aires","tag-interes-general","tag-locales","tag-san-pedro"],"aioseo_notices":[],"gutentor_comment":0,"jetpack_featured_media_url":"https:\/\/eldiariodesanpedro.com.ar\/sitio\/wp-content\/uploads\/2022\/04\/WhatsApp-Image-2022-04-07-at-3.52.10-PM.jpeg","jetpack_shortlink":"https:\/\/wp.me\/p6RhLt-rwe","jetpack_sharing_enabled":true,"_links":{"self":[{"href":"https:\/\/eldiariodesanpedro.com.ar\/sitio\/wp-json\/wp\/v2\/posts\/105786","targetHints":{"allow":["GET"]}}],"collection":[{"href":"https:\/\/eldiariodesanpedro.com.ar\/sitio\/wp-json\/wp\/v2\/posts"}],"about":[{"href":"https:\/\/eldiariodesanpedro.com.ar\/sitio\/wp-json\/wp\/v2\/types\/post"}],"author":[{"embeddable":true,"href":"https:\/\/eldiariodesanpedro.com.ar\/sitio\/wp-json\/wp\/v2\/users\/4"}],"replies":[{"embeddable":true,"href":"https:\/\/eldiariodesanpedro.com.ar\/sitio\/wp-json\/wp\/v2\/comments?post=105786"}],"version-history":[{"count":1,"href":"https:\/\/eldiariodesanpedro.com.ar\/sitio\/wp-json\/wp\/v2\/posts\/105786\/revisions"}],"predecessor-version":[{"id":105789,"href":"https:\/\/eldiariodesanpedro.com.ar\/sitio\/wp-json\/wp\/v2\/posts\/105786\/revisions\/105789"}],"wp:featuredmedia":[{"embeddable":true,"href":"https:\/\/eldiariodesanpedro.com.ar\/sitio\/wp-json\/wp\/v2\/media\/105788"}],"wp:attachment":[{"href":"https:\/\/eldiariodesanpedro.com.ar\/sitio\/wp-json\/wp\/v2\/media?parent=105786"}],"wp:term":[{"taxonomy":"category","embeddable":true,"href":"https:\/\/eldiariodesanpedro.com.ar\/sitio\/wp-json\/wp\/v2\/categories?post=105786"},{"taxonomy":"post_tag","embeddable":true,"href":"https:\/\/eldiariodesanpedro.com.ar\/sitio\/wp-json\/wp\/v2\/tags?post=105786"}],"curies":[{"name":"wp","href":"https:\/\/api.w.org\/{rel}","templated":true}]}}