{"id":10577,"date":"2016-11-23T20:04:03","date_gmt":"2016-11-23T23:04:03","guid":{"rendered":"https:\/\/eldiariodesanpedro.com.ar\/sitio\/?p=10577"},"modified":"2016-11-23T20:04:03","modified_gmt":"2016-11-23T23:04:03","slug":"juntos-a-ninos-del-jardin-pulgarcito-salazar-recorrio-la-plaza-belgrano","status":"publish","type":"post","link":"https:\/\/eldiariodesanpedro.com.ar\/sitio\/juntos-a-ninos-del-jardin-pulgarcito-salazar-recorrio-la-plaza-belgrano\/","title":{"rendered":"Juntos a ni\u00f1os del Jard\u00edn Pulgarcito, Salazar recorri\u00f3 la plaza Belgrano"},"content":{"rendered":"<p><!-- VideographyWP Plugin Message: Automatic video embedding prevented by plugin options. --><br \/>\nEste lunes, despu\u00e9s de semanas de trabajo, el intendente municipal y su equipo de gobierno presentaron las nuevas luminarias de la plaza Belgrano, muy reclamadas por los vecinos de la zona.<\/p>\n<p>\u201cEsto es para los chicos, la idea de esto es que puedan venir a jugar en todo momento, a la tarde, a la noche, sin peligro. Lo que seguramente vamos a hacer con esta y otras plazas es tratar de ponerle c\u00e1maras, mejorar el monitoreo para que los chicos tengan la tranquilidad\u201d, dijo el intendente Salazar.<\/p>\n<p>Y en ese sentido asever\u00f3: \u201cLa pr\u00f3xima va a ser la Fray Cayetano Rodr\u00edguez y despu\u00e9s la placita de la Amistad\u201d. \u201cQueremos que la gente se empodere de sus plazas\u201d.<\/p>\n<p>Por su parte, Paola Moreira, directora del Jard\u00edn Municipal Pulgarcito, explic\u00f3 sobre los carteles que est\u00e1n en el lugar, que son dibujos realizados por los estudiantes.<\/p>\n<p>\u201cNosotros ven\u00edamos trabajando en un proyecto en el jard\u00edn en sala de 5 sobre los derechos de los ni\u00f1os y la idea de Marcelo Nouet, que trabaja en Obras P\u00fablicas en la parte de mantenimiento, la idea fue hacer algo articulado, entonces con las producciones que los nenes hicieron se las pasamos a ellos y lo que hicieron fue plotearlas\u201d. De esta manera \u201cesta plaza pudiera tener algo del Jard\u00edn de Doyle y nosotros sacarlos de esa lejan\u00eda de la obra que tiene un jard\u00edn que por ah\u00ed no se conoce lo que hacemos all\u00e1\u201d.<\/p>\n","protected":false},"excerpt":{"rendered":"<p>Este lunes, despu\u00e9s de semanas de trabajo, el intendente municipal y su equipo de gobierno presentaron las nuevas luminarias de la plaza Belgrano, muy reclamadas por los vecinos de la zona. \u201cEsto es para los chicos, la idea de esto es que puedan venir a jugar en todo momento, a la tarde, a la noche, [&hellip;]<\/p>\n","protected":false},"author":4,"featured_media":10579,"comment_status":"open","ping_status":"closed","sticky":false,"template":"","format":"standard","meta":{"om_disable_all_campaigns":false,"_jetpack_memberships_contains_paid_content":false,"footnotes":""},"categories":[50,101,2],"tags":[],"class_list":["post-10577","post","type-post","status-publish","format-standard","has-post-thumbnail","hentry","category-destacadas","category-interes-general-locales","category-locales"],"aioseo_notices":[],"gutentor_comment":0,"jetpack_featured_media_url":"https:\/\/eldiariodesanpedro.com.ar\/sitio\/wp-content\/uploads\/2016\/11\/Salazar-recorri\u00f3-la-plaza-Belgrano.jpg","jetpack_shortlink":"https:\/\/wp.me\/p6RhLt-2KB","jetpack_sharing_enabled":true,"_links":{"self":[{"href":"https:\/\/eldiariodesanpedro.com.ar\/sitio\/wp-json\/wp\/v2\/posts\/10577","targetHints":{"allow":["GET"]}}],"collection":[{"href":"https:\/\/eldiariodesanpedro.com.ar\/sitio\/wp-json\/wp\/v2\/posts"}],"about":[{"href":"https:\/\/eldiariodesanpedro.com.ar\/sitio\/wp-json\/wp\/v2\/types\/post"}],"author":[{"embeddable":true,"href":"https:\/\/eldiariodesanpedro.com.ar\/sitio\/wp-json\/wp\/v2\/users\/4"}],"replies":[{"embeddable":true,"href":"https:\/\/eldiariodesanpedro.com.ar\/sitio\/wp-json\/wp\/v2\/comments?post=10577"}],"version-history":[{"count":1,"href":"https:\/\/eldiariodesanpedro.com.ar\/sitio\/wp-json\/wp\/v2\/posts\/10577\/revisions"}],"predecessor-version":[{"id":10580,"href":"https:\/\/eldiariodesanpedro.com.ar\/sitio\/wp-json\/wp\/v2\/posts\/10577\/revisions\/10580"}],"wp:featuredmedia":[{"embeddable":true,"href":"https:\/\/eldiariodesanpedro.com.ar\/sitio\/wp-json\/wp\/v2\/media\/10579"}],"wp:attachment":[{"href":"https:\/\/eldiariodesanpedro.com.ar\/sitio\/wp-json\/wp\/v2\/media?parent=10577"}],"wp:term":[{"taxonomy":"category","embeddable":true,"href":"https:\/\/eldiariodesanpedro.com.ar\/sitio\/wp-json\/wp\/v2\/categories?post=10577"},{"taxonomy":"post_tag","embeddable":true,"href":"https:\/\/eldiariodesanpedro.com.ar\/sitio\/wp-json\/wp\/v2\/tags?post=10577"}],"curies":[{"name":"wp","href":"https:\/\/api.w.org\/{rel}","templated":true}]}}