{"id":105748,"date":"2022-04-07T09:46:48","date_gmt":"2022-04-07T12:46:48","guid":{"rendered":"https:\/\/eldiariodesanpedro.com.ar\/sitio\/?p=105748"},"modified":"2022-04-07T09:46:48","modified_gmt":"2022-04-07T12:46:48","slug":"barbijo-optativo-en-la-provincia-de-buenos-aires-desde-hoy","status":"publish","type":"post","link":"https:\/\/eldiariodesanpedro.com.ar\/sitio\/barbijo-optativo-en-la-provincia-de-buenos-aires-desde-hoy\/","title":{"rendered":"Barbijo optativo en la provincia de Buenos Aires desde hoy"},"content":{"rendered":"<!-- VideographyWP Plugin Message: Automatic video embedding prevented by plugin options. -->\n\n<p>El ministro de Salud, Nicol\u00e1s Kreplak, anunci\u00f3 que el barbijo ser\u00e1 optativo en provincia de Buenos Aires. En el transporte p\u00fablico seguir\u00e1 siendo obligatorio.<\/p>\n\n\n\n<p>El Gobierno de la\u00a0<strong>provincia de Buenos Aires<\/strong>\u00a0decidi\u00f3\u00a0<strong>levantar la obligatoriedad del uso del barbijo para \u00e1mbitos laborales, recreativos y educativos<\/strong>. Sin embargo, para los usuarios y usuarias que utilicen el transporte p\u00fablico, seguir\u00e1 siendo obligatorio.<\/p>\n\n\n\n<p>La raz\u00f3n esgrimida por parte de las autoridades es el\u00a0<strong>descenso en los contagios de coronavirus y el avance de la campa\u00f1a de vacunaci\u00f3n.<\/strong>\u00a0As\u00ed, el barbijo o tapabocas, en cualquiera de sus versiones, dejar\u00e1 de ser exigible en el \u00e1mbito escolar, algo que generaba las protestas de parte de la oposici\u00f3n.<\/p>\n\n\n\n<p>El&nbsp;<strong>ministro de Salud bonaerense, Nicol\u00e1s Kreplak<\/strong>, lo inform\u00f3 ayer a trav\u00e9s de sus redes sociales. En su cuenta oficial de Twitter explic\u00f3:&nbsp;<strong>\u00abtenemos 10 semanas de descenso sostenido de casos de COVID, el brote adelantado de influenza controlado, la campa\u00f1a de vacunaci\u00f3n contra la gripe iniciada y m\u00e1s del 95% de la poblaci\u00f3n inmunizada contra el coronavirus\u00bb.<\/strong><\/p>\n\n\n\n<p>Adem\u00e1s agreg\u00f3 que, \u00abcon la llegada de los primeros fr\u00edos, la circulaci\u00f3n de nuevas variantes, las clases presenciales y sin ning\u00fan aforo ni restricci\u00f3n, los casos no aumentan y estamos en una buena situaci\u00f3n epidemiol\u00f3gica\u00bb.<\/p>\n\n\n\n<p>En ese sentido, el Ministro de Salud de la provincia de Buenos Aires dijo que, pese a que contin\u00faan recomendando la utilizaci\u00f3n del tapabocas,\u00a0<strong>desde el jueves 7 de abril ser\u00e1 optativo en espacios laborales, recreativos y educativos.<\/strong>\u00a0Sin embargo, \u00aben el transporte p\u00fablico seguir\u00e1 siendo obligatorio\u00bb, sostuvo.<\/p>\n\n\n\n<h2 class=\"wp-block-heading\">La situaci\u00f3n en las escuelas de la provincia de Buenos Aires<\/h2>\n\n\n\n<p>Nicol\u00e1s Kreplak explic\u00f3 en su cuenta de Twitter que \u00absostener los cuidados siempre fue la prioridad, pero a\u00fan m\u00e1s en ni\u00f1os y ni\u00f1as\u00bb y agreg\u00f3 que es por eso que en las escuelas de la provincia de Buenos Aires \u00abse distribuyeron 33 mil medidores de di\u00f3xido de carbono para tener una adecuada ventilaci\u00f3n y se aplicaron m\u00e1s de 295.000 vacunas COVID en 3000 escuelas\u00bb.<\/p>\n\n\n\n<p>En ese sentido, el Ministro bonaerense garantiz\u00f3 que\u00a0<strong>se seguir\u00e1 monitoreando la situaci\u00f3n epidemiol\u00f3gica: entregando barbijos en las escuelas, completando los esquemas de vacunaci\u00f3n<\/strong>\u00a0y \u00abrealizando una vigilancia activa para que estas medidas las podamos sostener y nos acerquemos cada vez m\u00e1s a una plena normalidad\u00bb.<\/p>\n\n\n\n<p><\/p>\n\n\n\n<p><a href=\"https:\/\/media.infocielo.com\/p\/35c779914d187fbf6aad573ce202b55a\/adjuntos\/299\/imagenes\/001\/381\/0001381299\/887x0\/smart\/barbijo-la-platawebp.png\"><\/a><\/p>\n","protected":false},"excerpt":{"rendered":"<p>El ministro de Salud, Nicol\u00e1s Kreplak, anunci\u00f3 que el barbijo ser\u00e1 optativo en provincia de Buenos Aires. En el transporte p\u00fablico seguir\u00e1 siendo obligatorio. El Gobierno de la\u00a0provincia de Buenos Aires\u00a0decidi\u00f3\u00a0levantar la obligatoriedad del uso del barbijo para \u00e1mbitos laborales, recreativos y educativos. Sin embargo, para los usuarios y usuarias que utilicen el transporte p\u00fablico, [&hellip;]<\/p>\n","protected":false},"author":4,"featured_media":105749,"comment_status":"closed","ping_status":"closed","sticky":false,"template":"","format":"standard","meta":{"om_disable_all_campaigns":false,"_jetpack_memberships_contains_paid_content":false,"footnotes":""},"categories":[50,101,2],"tags":[197,696,33,19],"class_list":["post-105748","post","type-post","status-publish","format-standard","has-post-thumbnail","hentry","category-destacadas","category-interes-general-locales","category-locales","tag-buenos-aires","tag-interes-general","tag-locales","tag-san-pedro"],"aioseo_notices":[],"gutentor_comment":0,"jetpack_featured_media_url":"https:\/\/eldiariodesanpedro.com.ar\/sitio\/wp-content\/uploads\/2022\/04\/barbijo-la-platawebp.webp","jetpack_shortlink":"https:\/\/wp.me\/p6RhLt-rvC","jetpack_sharing_enabled":true,"_links":{"self":[{"href":"https:\/\/eldiariodesanpedro.com.ar\/sitio\/wp-json\/wp\/v2\/posts\/105748","targetHints":{"allow":["GET"]}}],"collection":[{"href":"https:\/\/eldiariodesanpedro.com.ar\/sitio\/wp-json\/wp\/v2\/posts"}],"about":[{"href":"https:\/\/eldiariodesanpedro.com.ar\/sitio\/wp-json\/wp\/v2\/types\/post"}],"author":[{"embeddable":true,"href":"https:\/\/eldiariodesanpedro.com.ar\/sitio\/wp-json\/wp\/v2\/users\/4"}],"replies":[{"embeddable":true,"href":"https:\/\/eldiariodesanpedro.com.ar\/sitio\/wp-json\/wp\/v2\/comments?post=105748"}],"version-history":[{"count":1,"href":"https:\/\/eldiariodesanpedro.com.ar\/sitio\/wp-json\/wp\/v2\/posts\/105748\/revisions"}],"predecessor-version":[{"id":105750,"href":"https:\/\/eldiariodesanpedro.com.ar\/sitio\/wp-json\/wp\/v2\/posts\/105748\/revisions\/105750"}],"wp:featuredmedia":[{"embeddable":true,"href":"https:\/\/eldiariodesanpedro.com.ar\/sitio\/wp-json\/wp\/v2\/media\/105749"}],"wp:attachment":[{"href":"https:\/\/eldiariodesanpedro.com.ar\/sitio\/wp-json\/wp\/v2\/media?parent=105748"}],"wp:term":[{"taxonomy":"category","embeddable":true,"href":"https:\/\/eldiariodesanpedro.com.ar\/sitio\/wp-json\/wp\/v2\/categories?post=105748"},{"taxonomy":"post_tag","embeddable":true,"href":"https:\/\/eldiariodesanpedro.com.ar\/sitio\/wp-json\/wp\/v2\/tags?post=105748"}],"curies":[{"name":"wp","href":"https:\/\/api.w.org\/{rel}","templated":true}]}}