{"id":105742,"date":"2022-04-06T17:15:22","date_gmt":"2022-04-06T20:15:22","guid":{"rendered":"https:\/\/eldiariodesanpedro.com.ar\/sitio\/?p=105742"},"modified":"2022-04-06T17:15:25","modified_gmt":"2022-04-06T20:15:25","slug":"san-pedro-recibiria-ocho-nuevos-efectivos-de-la-policia-rural-segun-informo-el-gobernador","status":"publish","type":"post","link":"https:\/\/eldiariodesanpedro.com.ar\/sitio\/san-pedro-recibiria-ocho-nuevos-efectivos-de-la-policia-rural-segun-informo-el-gobernador\/","title":{"rendered":"San Pedro recibir\u00eda ocho nuevos efectivos de la polic\u00eda rural seg\u00fan informo el gobernador"},"content":{"rendered":"<!-- VideographyWP Plugin Message: Automatic video embedding prevented by plugin options. -->\n\n<p>Azul ser\u00e1 el municipio que tendr\u00e1 m\u00e1s polic\u00eda rural, con 59 agentes. El detalle del despliegue, y las diez coordinaciones zonales que habr\u00e1 en la Provincia.<\/p>\n\n\n\n<p>Luego de que el gobernador Axel Kicillof y el ministro de Seguridad Sergio Berni pusieran en marcha la polic\u00eda rural, tras el acto de egreso de los primeros 1.000 agentes en Olavarr\u00eda, se conoci\u00f3 el detalle de c\u00f3mo se desplegar\u00e1n en los diferentes municipios para reforzar la seguridad en el campo.<\/p>\n\n\n\n<p>Seg\u00fan pudo confirmar INFOCIELO, la organizaci\u00f3n ser\u00e1 a trav\u00e9s de diez coordinaciones zonales de seguridad rural donde se distribuir\u00e1n los agentes. Ser\u00e1n las siguientes: Olavarr\u00eda (194 agentes), Pehuaj\u00f3 (164), Dolores (153), Chivilcoy (115), Bah\u00eda Blanca (79), Pergamino (75), General Pueyrred\u00f3n (49), Tres Arroyos (34), Conurbano Norte (10) y Conurbano Sur (10).<\/p>\n\n\n\n<p><strong>Adem\u00e1s, se asignar\u00e1 polic\u00eda rural a las polic\u00edas departamentales de seguridad de General Pueyrred\u00f3n, La Costa, La Matanza, La Plata y Necochea; y otros 22 agentes se distribuir\u00e1n sin coordinaci\u00f3n zonal<\/strong>.<\/p>\n\n\n\n<p>Municipio por municipio, la cantidad de agentes de la polic\u00eda rural que recibir\u00e1n<\/p>\n\n\n\n<ul class=\"wp-block-list\"><li>Azul 59<\/li><li>Dolores 37<\/li><li>La Costa 34<\/li><li>Coronel Rosales 30<\/li><li>Olavarria 28<\/li><li>Mercedes 27<\/li><li>Veinticinco De Mayo 24<\/li><li>Adolfo Alsina 24<\/li><li>Bahia Blanca 23<\/li><li>General Alvarado 20<\/li><li>General Alvear 20<\/li><li>Las Flores 19<\/li><li>San Nicolas 18<\/li><li>Tapalque 17<\/li><li>Pergamino 17<\/li><li>Junin 16<\/li><li>Bragado 15<\/li><li>Saladillo 15<\/li><li>Tandil 15<\/li><li>General Pueyrredon 15<\/li><li>Nueve De Julio 14<\/li><li>Bolivar 14<\/li><li>Necochea 13<\/li><li>Villarino 12<\/li><li>General Paz 12<\/li><li>Chivilcoy 11<\/li><li>Chascomus 11<\/li><li>General Belgrano 11<\/li><li>Magdalena 11<\/li><li>Chacabuco 11<\/li><li>Lincoln 11<\/li><li>Mar Chiquita 10<\/li><li>Arrecifes 10<\/li><li>Ramallo 10<\/li><li>Tres Arroyos 10<\/li><li>Loberia 9<\/li><li>Benito Juarez 9<\/li><li>General Viamonte 9<\/li><li>General Villegas 9<\/li><li>Pehuajo 9<\/li><li>Rojas 9<\/li><li>Trenque Lauquen 9<\/li><li>Adolfo Gonzales Chaves 9<\/li><li>San Vicente 8<\/li><li>Tordillo 8<\/li><li>Balcarce 8<\/li><li>General Arenales 8<\/li><li>San Pedro 8<\/li><li>Castelli 7<\/li><li>General Lavalle 7<\/li><li>Maipu 7<\/li><li>Pila 7<\/li><li>Carlos Casares 7<\/li><li>Salliquelo 7<\/li><li>Saavedra 6<\/li><li>Carmen De Areco 6<\/li><li>San Andres De Giles 6<\/li><li>Colon 6<\/li><li>La Plata 6<\/li><li>Villa Gesell 6<\/li><li>General Lamadrid 5<\/li><li>General Pinto 5<\/li><li>Hipolito Yrigoyen 5<\/li><li>Coronel Dorrego 5<\/li><li>Coronel Suarez 5<\/li><li>Carmen De Patagones 4<\/li><li>Suipacha 4<\/li><li>Lobos 4<\/li><li>Carlos Pellegrini 4<\/li><li>Carlos Tejedor 4<\/li><li>Florentino Ameghino 4<\/li><li>Rivadavia 4<\/li><li>Capitan Sarmiento 4<\/li><li>Coronel Pringles 4<\/li><li>Moreno 4<\/li><li>Pinamar 4<\/li><li>Puan 3<\/li><li>Alberti 3<\/li><li>Navarro 3<\/li><li>Exaltacion De La Cruz 3<\/li><li>General Rodriguez 3<\/li><li>Ayacucho 3<\/li><li>Punta Indio 3<\/li><li>San Miguel Del Monte 3<\/li><li>Rauch 3<\/li><li>Daireaux 3<\/li><li>Guamini 3<\/li><li>La Matanza 3<\/li><li>Salto 2<\/li><li>Pilar 2<\/li><li>Coronel Brandsen 2<\/li><li>Ca\u00f1uelas 2<\/li><li>General Guido 2<\/li><li>General Madariaga 2<\/li><li>San Cayetano 2<\/li><li>Laprida 2<\/li><li>Tres Lomas 2<\/li><li>Baradero 2<\/li><li>Tornquist 1<\/li><li>Lujan 1<\/li><li>Marcos Paz 1<\/li><li>Roque Perez 1<\/li><li>Leandro N.Alem 1<\/li><li>Monte Hermoso 1<\/li><li>Berazategui 1<\/li><li>Berisso 1<\/li><li>C.A.B.A. 1<\/li><li>Florencio Varela 1<\/li><li>Lanus 1<\/li><li>Lomas De Zamora 1<\/li><li>Quilmes 1<\/li><li>San Fernando 1<\/li><\/ul>\n\n\n\n<p>Fuente: <a href=\"https:\/\/infocielo.com\/policia-rural\/policia-rural-como-se-repartiran-los-1000-agentes-n734823\">infocielo<\/a><\/p>\n","protected":false},"excerpt":{"rendered":"<p>Azul ser\u00e1 el municipio que tendr\u00e1 m\u00e1s polic\u00eda rural, con 59 agentes. El detalle del despliegue, y las diez coordinaciones zonales que habr\u00e1 en la Provincia. Luego de que el gobernador Axel Kicillof y el ministro de Seguridad Sergio Berni pusieran en marcha la polic\u00eda rural, tras el acto de egreso de los primeros 1.000 [&hellip;]<\/p>\n","protected":false},"author":4,"featured_media":105743,"comment_status":"closed","ping_status":"closed","sticky":false,"template":"","format":"standard","meta":{"om_disable_all_campaigns":false,"_jetpack_memberships_contains_paid_content":false,"footnotes":""},"categories":[50,101,2],"tags":[197,696,33,19],"class_list":["post-105742","post","type-post","status-publish","format-standard","has-post-thumbnail","hentry","category-destacadas","category-interes-general-locales","category-locales","tag-buenos-aires","tag-interes-general","tag-locales","tag-san-pedro"],"aioseo_notices":[],"gutentor_comment":0,"jetpack_featured_media_url":"https:\/\/eldiariodesanpedro.com.ar\/sitio\/wp-content\/uploads\/2022\/04\/cadetes-y-agentes-policia-rural.jpg","jetpack_shortlink":"https:\/\/wp.me\/p6RhLt-rvw","jetpack_sharing_enabled":true,"_links":{"self":[{"href":"https:\/\/eldiariodesanpedro.com.ar\/sitio\/wp-json\/wp\/v2\/posts\/105742","targetHints":{"allow":["GET"]}}],"collection":[{"href":"https:\/\/eldiariodesanpedro.com.ar\/sitio\/wp-json\/wp\/v2\/posts"}],"about":[{"href":"https:\/\/eldiariodesanpedro.com.ar\/sitio\/wp-json\/wp\/v2\/types\/post"}],"author":[{"embeddable":true,"href":"https:\/\/eldiariodesanpedro.com.ar\/sitio\/wp-json\/wp\/v2\/users\/4"}],"replies":[{"embeddable":true,"href":"https:\/\/eldiariodesanpedro.com.ar\/sitio\/wp-json\/wp\/v2\/comments?post=105742"}],"version-history":[{"count":1,"href":"https:\/\/eldiariodesanpedro.com.ar\/sitio\/wp-json\/wp\/v2\/posts\/105742\/revisions"}],"predecessor-version":[{"id":105744,"href":"https:\/\/eldiariodesanpedro.com.ar\/sitio\/wp-json\/wp\/v2\/posts\/105742\/revisions\/105744"}],"wp:featuredmedia":[{"embeddable":true,"href":"https:\/\/eldiariodesanpedro.com.ar\/sitio\/wp-json\/wp\/v2\/media\/105743"}],"wp:attachment":[{"href":"https:\/\/eldiariodesanpedro.com.ar\/sitio\/wp-json\/wp\/v2\/media?parent=105742"}],"wp:term":[{"taxonomy":"category","embeddable":true,"href":"https:\/\/eldiariodesanpedro.com.ar\/sitio\/wp-json\/wp\/v2\/categories?post=105742"},{"taxonomy":"post_tag","embeddable":true,"href":"https:\/\/eldiariodesanpedro.com.ar\/sitio\/wp-json\/wp\/v2\/tags?post=105742"}],"curies":[{"name":"wp","href":"https:\/\/api.w.org\/{rel}","templated":true}]}}