{"id":105739,"date":"2022-04-06T15:59:11","date_gmt":"2022-04-06T18:59:11","guid":{"rendered":"https:\/\/eldiariodesanpedro.com.ar\/sitio\/?p=105739"},"modified":"2022-04-06T15:59:12","modified_gmt":"2022-04-06T18:59:12","slug":"multiples-actividades-por-el-dia-mundial-de-la-salud","status":"publish","type":"post","link":"https:\/\/eldiariodesanpedro.com.ar\/sitio\/multiples-actividades-por-el-dia-mundial-de-la-salud\/","title":{"rendered":"M\u00faltiples actividades por el D\u00eda Mundial de la Salud"},"content":{"rendered":"<!-- VideographyWP Plugin Message: Automatic video embedding prevented by plugin options. -->\n\n<p>Esta ma\u00f1ana mediante una conferencia de prensa encabezada por el secretario de Salud Pablo Pichioni, la subsecretaria Lorena Elgoyhen y el director de Atenci\u00f3n Primaria de la Salud Gabriel Sayago se presentaron las actividades que se llevar\u00e1n a cabo este jueves 7 de abril desde las 9 de la ma\u00f1ana en la peatonal de calle R. Obligado, entre Mitre y Pellegrini en el marco del D\u00eda Mundial de la Salud que contar\u00e1 con diferentes puestos de atenci\u00f3n y prevenci\u00f3n para recorrer hasta las 15 horas.<\/p>\n\n\n\n<p>Durante la jornada se podr\u00e1n realizar testeos COVID, Vacunaci\u00f3n contra COVID, contra sarampi\u00f3n y, para embarazadas y menores de 2 a\u00f1os, se aplicar\u00e1 la vacuna antigripal. Adem\u00e1s, se realizar\u00e1n electrocardiogramas, certificados, tensi\u00f3n arterial, control de glucemia, peso y altura, control odontol\u00f3gico, de nutrici\u00f3n, dermatolog\u00eda, celiaqu\u00eda, diabetes, testeos de V.I.H y se realizar\u00e1n charlas informativas de Cannabis medicinal.<\/p>\n\n\n\n<p>Participar\u00e1n de las actividades la Secretar\u00eda de Pol\u00edticas de G\u00e9nero, Mujeres y Diversidad, las Direcciones de Tr\u00e1nsito y Deportes, SADIV, Cruz Roja, LALCEC, Gr\u00e1vida, el Colegio de Farmac\u00e9uticos y Casa Pueblo San Pedro.<\/p>\n","protected":false},"excerpt":{"rendered":"<p>Esta ma\u00f1ana mediante una conferencia de prensa encabezada por el secretario de Salud Pablo Pichioni, la subsecretaria Lorena Elgoyhen y el director de Atenci\u00f3n Primaria de la Salud Gabriel Sayago se presentaron las actividades que se llevar\u00e1n a cabo este jueves 7 de abril desde las 9 de la ma\u00f1ana en la peatonal de calle [&hellip;]<\/p>\n","protected":false},"author":4,"featured_media":105740,"comment_status":"closed","ping_status":"closed","sticky":false,"template":"","format":"standard","meta":{"om_disable_all_campaigns":false,"_jetpack_memberships_contains_paid_content":false,"footnotes":""},"categories":[50,101,2],"tags":[197,696,33,19],"class_list":["post-105739","post","type-post","status-publish","format-standard","has-post-thumbnail","hentry","category-destacadas","category-interes-general-locales","category-locales","tag-buenos-aires","tag-interes-general","tag-locales","tag-san-pedro"],"aioseo_notices":[],"gutentor_comment":0,"jetpack_featured_media_url":"https:\/\/eldiariodesanpedro.com.ar\/sitio\/wp-content\/uploads\/2022\/04\/whd-2022-web-art-es-1920x1080-1.jpg","jetpack_shortlink":"https:\/\/wp.me\/p6RhLt-rvt","jetpack_sharing_enabled":true,"_links":{"self":[{"href":"https:\/\/eldiariodesanpedro.com.ar\/sitio\/wp-json\/wp\/v2\/posts\/105739","targetHints":{"allow":["GET"]}}],"collection":[{"href":"https:\/\/eldiariodesanpedro.com.ar\/sitio\/wp-json\/wp\/v2\/posts"}],"about":[{"href":"https:\/\/eldiariodesanpedro.com.ar\/sitio\/wp-json\/wp\/v2\/types\/post"}],"author":[{"embeddable":true,"href":"https:\/\/eldiariodesanpedro.com.ar\/sitio\/wp-json\/wp\/v2\/users\/4"}],"replies":[{"embeddable":true,"href":"https:\/\/eldiariodesanpedro.com.ar\/sitio\/wp-json\/wp\/v2\/comments?post=105739"}],"version-history":[{"count":1,"href":"https:\/\/eldiariodesanpedro.com.ar\/sitio\/wp-json\/wp\/v2\/posts\/105739\/revisions"}],"predecessor-version":[{"id":105741,"href":"https:\/\/eldiariodesanpedro.com.ar\/sitio\/wp-json\/wp\/v2\/posts\/105739\/revisions\/105741"}],"wp:featuredmedia":[{"embeddable":true,"href":"https:\/\/eldiariodesanpedro.com.ar\/sitio\/wp-json\/wp\/v2\/media\/105740"}],"wp:attachment":[{"href":"https:\/\/eldiariodesanpedro.com.ar\/sitio\/wp-json\/wp\/v2\/media?parent=105739"}],"wp:term":[{"taxonomy":"category","embeddable":true,"href":"https:\/\/eldiariodesanpedro.com.ar\/sitio\/wp-json\/wp\/v2\/categories?post=105739"},{"taxonomy":"post_tag","embeddable":true,"href":"https:\/\/eldiariodesanpedro.com.ar\/sitio\/wp-json\/wp\/v2\/tags?post=105739"}],"curies":[{"name":"wp","href":"https:\/\/api.w.org\/{rel}","templated":true}]}}