{"id":105731,"date":"2022-04-06T15:40:31","date_gmt":"2022-04-06T18:40:31","guid":{"rendered":"https:\/\/eldiariodesanpedro.com.ar\/sitio\/?p=105731"},"modified":"2022-04-06T15:54:20","modified_gmt":"2022-04-06T18:54:20","slug":"un-estudio-revelo-que-2-de-cada-10-motociclista-en-san-pedro-no-usa-casco","status":"publish","type":"post","link":"https:\/\/eldiariodesanpedro.com.ar\/sitio\/un-estudio-revelo-que-2-de-cada-10-motociclista-en-san-pedro-no-usa-casco\/","title":{"rendered":"Un estudio revel\u00f3 que 2 de cada 10 motociclista en San Pedro no usa casco"},"content":{"rendered":"<!-- VideographyWP Plugin Message: Automatic video embedding prevented by plugin options. -->\n\n<p>La Secretar\u00eda de Salud de la Municipalidad de San Pedro, la Secretar\u00eda de Seguridad y em equipo de la Direcci\u00f3n de Tr\u00e1nsito junto al grupo de procesamiento de Licencuas de Conducir comparten los resultados entregados desde el Estudio observacional del comportamiento de motociclistas en el municipio de San Pedro (Buenos Aires) a trav\u00e9s de la Direcci\u00f3n Investigaci\u00f3n Accidentol\u00f3gica del Observatorio Vial, tras la realizaci\u00f3n durante Marzo de 2022.<\/p>\n\n\n\n<p>Nuestro municipio fue seleccionado dentro de un grupo inicial de 66 en todo el pa\u00eds, para esta experiencia, y en d\u00edas y horarios aleatorios se efectuaron observaciones que permitieron obtener estos resultados.<\/p>\n\n\n\n<p>Este monitoreo tiene como objetivo general, determinar la tasa de uso de elementos de seguridad vial (casco de motocicleta y luces diurnas) de conductores y ocupantes de veh\u00edculos motorizados de 2 ruedas y la presencia de factores de distracci\u00f3n y respeto del sem\u00e1foro entre conductores\/as en el municipio.<\/p>\n\n\n\n<p>Adem\u00e1s posibilita, observar las tasas de uso de casco (motocicletas) seg\u00fan las distintas posiciones en el veh\u00edculo, analizar las tasas de uso de elementos de seguridad vial, la presencia de factores de distracci\u00f3n y el respeto del sem\u00e1foro seg\u00fan variables sociodemogr\u00e1ficas y vehiculares y analizar indicadores acerca de seguridad vial infantil en el municipio.<\/p>\n\n\n\n<p>Durante el per\u00edodo del relevamiento se tomaron registros de 1472 veh\u00edculos y 2024 ocupantes. Las estad\u00edsticas que confirman la m\u00ednima proporci\u00f3n en el muestreo del uso del casco y diversas situaciones riesgosas sobre las que se trabajar\u00e1 con nuevas campa\u00f1as de control y educaci\u00f3n vial.<\/p>\n\n\n\n<figure class=\"wp-block-image size-full\"><img decoding=\"async\" width=\"947\" height=\"523\" data-attachment-id=\"105734\" data-permalink=\"https:\/\/eldiariodesanpedro.com.ar\/sitio\/un-estudio-revelo-que-2-de-cada-10-motociclista-en-san-pedro-no-usa-casco\/whatsapp-image-2022-04-06-at-1-04-26-pm\/\" data-orig-file=\"https:\/\/eldiariodesanpedro.com.ar\/sitio\/wp-content\/uploads\/2022\/04\/WhatsApp-Image-2022-04-06-at-1.04.26-PM.jpeg\" data-orig-size=\"947,523\" data-comments-opened=\"0\" data-image-meta=\"{&quot;aperture&quot;:&quot;0&quot;,&quot;credit&quot;:&quot;&quot;,&quot;camera&quot;:&quot;&quot;,&quot;caption&quot;:&quot;&quot;,&quot;created_timestamp&quot;:&quot;0&quot;,&quot;copyright&quot;:&quot;&quot;,&quot;focal_length&quot;:&quot;0&quot;,&quot;iso&quot;:&quot;0&quot;,&quot;shutter_speed&quot;:&quot;0&quot;,&quot;title&quot;:&quot;&quot;,&quot;orientation&quot;:&quot;0&quot;}\" data-image-title=\"WhatsApp Image 2022-04-06 at 1.04.26 PM\" data-image-description=\"\" data-image-caption=\"\" data-large-file=\"https:\/\/eldiariodesanpedro.com.ar\/sitio\/wp-content\/uploads\/2022\/04\/WhatsApp-Image-2022-04-06-at-1.04.26-PM.jpeg\" data-src=\"https:\/\/eldiariodesanpedro.com.ar\/sitio\/wp-content\/uploads\/2022\/04\/WhatsApp-Image-2022-04-06-at-1.04.26-PM.jpeg\" alt=\"\" class=\"wp-image-105734 lazyload\" data-srcset=\"https:\/\/eldiariodesanpedro.com.ar\/sitio\/wp-content\/uploads\/2022\/04\/WhatsApp-Image-2022-04-06-at-1.04.26-PM.jpeg 947w, https:\/\/eldiariodesanpedro.com.ar\/sitio\/wp-content\/uploads\/2022\/04\/WhatsApp-Image-2022-04-06-at-1.04.26-PM-300x166.jpeg 300w, https:\/\/eldiariodesanpedro.com.ar\/sitio\/wp-content\/uploads\/2022\/04\/WhatsApp-Image-2022-04-06-at-1.04.26-PM-768x424.jpeg 768w\" data-sizes=\"(max-width: 947px) 100vw, 947px\" src=\"data:image\/svg+xml;base64,PHN2ZyB3aWR0aD0iMSIgaGVpZ2h0PSIxIiB4bWxucz0iaHR0cDovL3d3dy53My5vcmcvMjAwMC9zdmciPjwvc3ZnPg==\" style=\"--smush-placeholder-width: 947px; --smush-placeholder-aspect-ratio: 947\/523;\" \/><\/figure>\n\n\n\n<figure class=\"wp-block-image size-full\"><img decoding=\"async\" width=\"942\" height=\"526\" data-attachment-id=\"105735\" data-permalink=\"https:\/\/eldiariodesanpedro.com.ar\/sitio\/un-estudio-revelo-que-2-de-cada-10-motociclista-en-san-pedro-no-usa-casco\/whatsapp-image-2022-04-06-at-1-04-26-pm-1\/\" data-orig-file=\"https:\/\/eldiariodesanpedro.com.ar\/sitio\/wp-content\/uploads\/2022\/04\/WhatsApp-Image-2022-04-06-at-1.04.26-PM-1.jpeg\" data-orig-size=\"942,526\" data-comments-opened=\"0\" data-image-meta=\"{&quot;aperture&quot;:&quot;0&quot;,&quot;credit&quot;:&quot;&quot;,&quot;camera&quot;:&quot;&quot;,&quot;caption&quot;:&quot;&quot;,&quot;created_timestamp&quot;:&quot;0&quot;,&quot;copyright&quot;:&quot;&quot;,&quot;focal_length&quot;:&quot;0&quot;,&quot;iso&quot;:&quot;0&quot;,&quot;shutter_speed&quot;:&quot;0&quot;,&quot;title&quot;:&quot;&quot;,&quot;orientation&quot;:&quot;0&quot;}\" data-image-title=\"WhatsApp Image 2022-04-06 at 1.04.26 PM (1)\" data-image-description=\"\" data-image-caption=\"\" data-large-file=\"https:\/\/eldiariodesanpedro.com.ar\/sitio\/wp-content\/uploads\/2022\/04\/WhatsApp-Image-2022-04-06-at-1.04.26-PM-1.jpeg\" data-src=\"https:\/\/eldiariodesanpedro.com.ar\/sitio\/wp-content\/uploads\/2022\/04\/WhatsApp-Image-2022-04-06-at-1.04.26-PM-1.jpeg\" alt=\"\" class=\"wp-image-105735 lazyload\" data-srcset=\"https:\/\/eldiariodesanpedro.com.ar\/sitio\/wp-content\/uploads\/2022\/04\/WhatsApp-Image-2022-04-06-at-1.04.26-PM-1.jpeg 942w, https:\/\/eldiariodesanpedro.com.ar\/sitio\/wp-content\/uploads\/2022\/04\/WhatsApp-Image-2022-04-06-at-1.04.26-PM-1-300x168.jpeg 300w, https:\/\/eldiariodesanpedro.com.ar\/sitio\/wp-content\/uploads\/2022\/04\/WhatsApp-Image-2022-04-06-at-1.04.26-PM-1-768x429.jpeg 768w\" data-sizes=\"(max-width: 942px) 100vw, 942px\" src=\"data:image\/svg+xml;base64,PHN2ZyB3aWR0aD0iMSIgaGVpZ2h0PSIxIiB4bWxucz0iaHR0cDovL3d3dy53My5vcmcvMjAwMC9zdmciPjwvc3ZnPg==\" style=\"--smush-placeholder-width: 942px; --smush-placeholder-aspect-ratio: 942\/526;\" \/><\/figure>\n\n\n<a href=\"https:\/\/eldiariodesanpedro.com.ar\/sitio\/wp-content\/uploads\/2022\/04\/Resultados-San-Pedro-Buenos-Aires-1.pdf\" class=\"pdfemb-viewer\" style=\"\" data-width=\"max\" data-height=\"max\" data-toolbar=\"bottom\" data-toolbar-fixed=\"off\">Resultados-San-Pedro-Buenos-Aires-1<\/a>\n<p class=\"wp-block-pdfemb-pdf-embedder-viewer\"><\/p>\n","protected":false},"excerpt":{"rendered":"<p>La Secretar\u00eda de Salud de la Municipalidad de San Pedro, la Secretar\u00eda de Seguridad y em equipo de la Direcci\u00f3n de Tr\u00e1nsito junto al grupo de procesamiento de Licencuas de Conducir comparten los resultados entregados desde el Estudio observacional del comportamiento de motociclistas en el municipio de San Pedro (Buenos Aires) a trav\u00e9s de la [&hellip;]<\/p>\n","protected":false},"author":4,"featured_media":105732,"comment_status":"closed","ping_status":"closed","sticky":false,"template":"","format":"standard","meta":{"om_disable_all_campaigns":false,"_jetpack_memberships_contains_paid_content":false,"footnotes":""},"categories":[50,101,2],"tags":[197,696,33,19],"class_list":["post-105731","post","type-post","status-publish","format-standard","has-post-thumbnail","hentry","category-destacadas","category-interes-general-locales","category-locales","tag-buenos-aires","tag-interes-general","tag-locales","tag-san-pedro"],"aioseo_notices":[],"gutentor_comment":0,"jetpack_featured_media_url":"https:\/\/eldiariodesanpedro.com.ar\/sitio\/wp-content\/uploads\/2022\/04\/A_GD_opt.jpeg","jetpack_shortlink":"https:\/\/wp.me\/p6RhLt-rvl","jetpack_sharing_enabled":true,"_links":{"self":[{"href":"https:\/\/eldiariodesanpedro.com.ar\/sitio\/wp-json\/wp\/v2\/posts\/105731","targetHints":{"allow":["GET"]}}],"collection":[{"href":"https:\/\/eldiariodesanpedro.com.ar\/sitio\/wp-json\/wp\/v2\/posts"}],"about":[{"href":"https:\/\/eldiariodesanpedro.com.ar\/sitio\/wp-json\/wp\/v2\/types\/post"}],"author":[{"embeddable":true,"href":"https:\/\/eldiariodesanpedro.com.ar\/sitio\/wp-json\/wp\/v2\/users\/4"}],"replies":[{"embeddable":true,"href":"https:\/\/eldiariodesanpedro.com.ar\/sitio\/wp-json\/wp\/v2\/comments?post=105731"}],"version-history":[{"count":3,"href":"https:\/\/eldiariodesanpedro.com.ar\/sitio\/wp-json\/wp\/v2\/posts\/105731\/revisions"}],"predecessor-version":[{"id":105738,"href":"https:\/\/eldiariodesanpedro.com.ar\/sitio\/wp-json\/wp\/v2\/posts\/105731\/revisions\/105738"}],"wp:featuredmedia":[{"embeddable":true,"href":"https:\/\/eldiariodesanpedro.com.ar\/sitio\/wp-json\/wp\/v2\/media\/105732"}],"wp:attachment":[{"href":"https:\/\/eldiariodesanpedro.com.ar\/sitio\/wp-json\/wp\/v2\/media?parent=105731"}],"wp:term":[{"taxonomy":"category","embeddable":true,"href":"https:\/\/eldiariodesanpedro.com.ar\/sitio\/wp-json\/wp\/v2\/categories?post=105731"},{"taxonomy":"post_tag","embeddable":true,"href":"https:\/\/eldiariodesanpedro.com.ar\/sitio\/wp-json\/wp\/v2\/tags?post=105731"}],"curies":[{"name":"wp","href":"https:\/\/api.w.org\/{rel}","templated":true}]}}