{"id":105726,"date":"2022-04-06T10:40:52","date_gmt":"2022-04-06T13:40:52","guid":{"rendered":"https:\/\/eldiariodesanpedro.com.ar\/sitio\/?p=105726"},"modified":"2022-04-06T10:40:52","modified_gmt":"2022-04-06T13:40:52","slug":"el-intendente-recibio-a-la-camara-de-martilleros-y-corredores-publicos","status":"publish","type":"post","link":"https:\/\/eldiariodesanpedro.com.ar\/sitio\/el-intendente-recibio-a-la-camara-de-martilleros-y-corredores-publicos\/","title":{"rendered":"El Intendente recibi\u00f3 a la C\u00e1mara de Martilleros y Corredores P\u00fablicos"},"content":{"rendered":"<!-- VideographyWP Plugin Message: Automatic video embedding prevented by plugin options. -->\n\n<p>El Intendente Ram\u00f3n Salazar recibi\u00f3 ayer a representantes de la C\u00e1mara de Martilleros y Corredores P\u00fablicos de San Pedro. Participaron junto al jefe comunal los secretarios de Coordinaci\u00f3n Hern\u00e1n Contreras, de Desarrollo Econ\u00f3mico Mart\u00edn Baraybar y de Obras P\u00fablicas Javier Silva. En representaci\u00f3n de la C\u00e1mara concurrieron Daniel Churruar\u00edn, Florencio Yabas, Elena Troilo, Ariel Cacho, Sandra Gerard y Jos\u00e9 Cremona.<\/p>\n\n\n\n<p>El Intendente les expres\u00f3 la voluntad de colaborar con el apoyo de todas las \u00e1reas para que el trabajo en conjunto permita mejores condiciones para todos.<\/p>\n\n\n\n<p>Entre los temas tratados que tendr\u00e1n diferentes recorridos en reuniones puntuales con las \u00e1reas involucradas o en gestiones conjuntas ante prestadores de servicios y organismos provinciales, el an\u00e1lisis para modificar requisitos para la habilitaci\u00f3n de comercios en rubros espec\u00edficos, el acompa\u00f1amiento en la optimizaci\u00f3n de tiempos para tr\u00e1mites provinciales que se vieron afectados durante la Pandemia, la llegada de servicios a zonas que podr\u00edan ingresar en proyectos de urbanizaci\u00f3n y acciones para promocionar la regi\u00f3n como un polo de inversiones.<\/p>\n\n\n\n<figure class=\"wp-block-image size-full\"><img decoding=\"async\" width=\"840\" height=\"630\" data-attachment-id=\"105729\" data-permalink=\"https:\/\/eldiariodesanpedro.com.ar\/sitio\/el-intendente-recibio-a-la-camara-de-martilleros-y-corredores-publicos\/whatsapp-image-2022-04-06-at-8-23-55-am\/\" data-orig-file=\"https:\/\/eldiariodesanpedro.com.ar\/sitio\/wp-content\/uploads\/2022\/04\/WhatsApp-Image-2022-04-06-at-8.23.55-AM.jpeg\" data-orig-size=\"840,630\" data-comments-opened=\"0\" data-image-meta=\"{&quot;aperture&quot;:&quot;0&quot;,&quot;credit&quot;:&quot;&quot;,&quot;camera&quot;:&quot;&quot;,&quot;caption&quot;:&quot;&quot;,&quot;created_timestamp&quot;:&quot;0&quot;,&quot;copyright&quot;:&quot;&quot;,&quot;focal_length&quot;:&quot;0&quot;,&quot;iso&quot;:&quot;0&quot;,&quot;shutter_speed&quot;:&quot;0&quot;,&quot;title&quot;:&quot;&quot;,&quot;orientation&quot;:&quot;0&quot;}\" data-image-title=\"WhatsApp Image 2022-04-06 at 8.23.55 AM\" data-image-description=\"\" data-image-caption=\"\" data-large-file=\"https:\/\/eldiariodesanpedro.com.ar\/sitio\/wp-content\/uploads\/2022\/04\/WhatsApp-Image-2022-04-06-at-8.23.55-AM.jpeg\" data-src=\"https:\/\/eldiariodesanpedro.com.ar\/sitio\/wp-content\/uploads\/2022\/04\/WhatsApp-Image-2022-04-06-at-8.23.55-AM.jpeg\" alt=\"\" class=\"wp-image-105729 lazyload\" data-srcset=\"https:\/\/eldiariodesanpedro.com.ar\/sitio\/wp-content\/uploads\/2022\/04\/WhatsApp-Image-2022-04-06-at-8.23.55-AM.jpeg 840w, https:\/\/eldiariodesanpedro.com.ar\/sitio\/wp-content\/uploads\/2022\/04\/WhatsApp-Image-2022-04-06-at-8.23.55-AM-300x225.jpeg 300w, https:\/\/eldiariodesanpedro.com.ar\/sitio\/wp-content\/uploads\/2022\/04\/WhatsApp-Image-2022-04-06-at-8.23.55-AM-768x576.jpeg 768w\" data-sizes=\"(max-width: 840px) 100vw, 840px\" src=\"data:image\/svg+xml;base64,PHN2ZyB3aWR0aD0iMSIgaGVpZ2h0PSIxIiB4bWxucz0iaHR0cDovL3d3dy53My5vcmcvMjAwMC9zdmciPjwvc3ZnPg==\" style=\"--smush-placeholder-width: 840px; --smush-placeholder-aspect-ratio: 840\/630;\" \/><\/figure>\n\n\n\n<figure class=\"wp-block-image size-full\"><img decoding=\"async\" width=\"840\" height=\"630\" data-attachment-id=\"105728\" data-permalink=\"https:\/\/eldiariodesanpedro.com.ar\/sitio\/el-intendente-recibio-a-la-camara-de-martilleros-y-corredores-publicos\/whatsapp-image-2022-04-06-at-8-23-54-am\/\" data-orig-file=\"https:\/\/eldiariodesanpedro.com.ar\/sitio\/wp-content\/uploads\/2022\/04\/WhatsApp-Image-2022-04-06-at-8.23.54-AM.jpeg\" data-orig-size=\"840,630\" data-comments-opened=\"0\" data-image-meta=\"{&quot;aperture&quot;:&quot;0&quot;,&quot;credit&quot;:&quot;&quot;,&quot;camera&quot;:&quot;&quot;,&quot;caption&quot;:&quot;&quot;,&quot;created_timestamp&quot;:&quot;0&quot;,&quot;copyright&quot;:&quot;&quot;,&quot;focal_length&quot;:&quot;0&quot;,&quot;iso&quot;:&quot;0&quot;,&quot;shutter_speed&quot;:&quot;0&quot;,&quot;title&quot;:&quot;&quot;,&quot;orientation&quot;:&quot;0&quot;}\" data-image-title=\"WhatsApp Image 2022-04-06 at 8.23.54 AM\" data-image-description=\"\" data-image-caption=\"\" data-large-file=\"https:\/\/eldiariodesanpedro.com.ar\/sitio\/wp-content\/uploads\/2022\/04\/WhatsApp-Image-2022-04-06-at-8.23.54-AM.jpeg\" data-src=\"https:\/\/eldiariodesanpedro.com.ar\/sitio\/wp-content\/uploads\/2022\/04\/WhatsApp-Image-2022-04-06-at-8.23.54-AM.jpeg\" alt=\"\" class=\"wp-image-105728 lazyload\" data-srcset=\"https:\/\/eldiariodesanpedro.com.ar\/sitio\/wp-content\/uploads\/2022\/04\/WhatsApp-Image-2022-04-06-at-8.23.54-AM.jpeg 840w, https:\/\/eldiariodesanpedro.com.ar\/sitio\/wp-content\/uploads\/2022\/04\/WhatsApp-Image-2022-04-06-at-8.23.54-AM-300x225.jpeg 300w, https:\/\/eldiariodesanpedro.com.ar\/sitio\/wp-content\/uploads\/2022\/04\/WhatsApp-Image-2022-04-06-at-8.23.54-AM-768x576.jpeg 768w\" data-sizes=\"(max-width: 840px) 100vw, 840px\" src=\"data:image\/svg+xml;base64,PHN2ZyB3aWR0aD0iMSIgaGVpZ2h0PSIxIiB4bWxucz0iaHR0cDovL3d3dy53My5vcmcvMjAwMC9zdmciPjwvc3ZnPg==\" style=\"--smush-placeholder-width: 840px; --smush-placeholder-aspect-ratio: 840\/630;\" \/><\/figure>\n","protected":false},"excerpt":{"rendered":"<p>El Intendente Ram\u00f3n Salazar recibi\u00f3 ayer a representantes de la C\u00e1mara de Martilleros y Corredores P\u00fablicos de San Pedro. Participaron junto al jefe comunal los secretarios de Coordinaci\u00f3n Hern\u00e1n Contreras, de Desarrollo Econ\u00f3mico Mart\u00edn Baraybar y de Obras P\u00fablicas Javier Silva. En representaci\u00f3n de la C\u00e1mara concurrieron Daniel Churruar\u00edn, Florencio Yabas, Elena Troilo, Ariel Cacho, [&hellip;]<\/p>\n","protected":false},"author":4,"featured_media":105727,"comment_status":"closed","ping_status":"closed","sticky":false,"template":"","format":"standard","meta":{"om_disable_all_campaigns":false,"_jetpack_memberships_contains_paid_content":false,"footnotes":""},"categories":[50,101,2],"tags":[197,696,33,19],"class_list":["post-105726","post","type-post","status-publish","format-standard","has-post-thumbnail","hentry","category-destacadas","category-interes-general-locales","category-locales","tag-buenos-aires","tag-interes-general","tag-locales","tag-san-pedro"],"aioseo_notices":[],"gutentor_comment":0,"jetpack_featured_media_url":"https:\/\/eldiariodesanpedro.com.ar\/sitio\/wp-content\/uploads\/2022\/04\/WhatsApp-Image-2022-04-06-at-8.23.53-AM.jpeg","jetpack_shortlink":"https:\/\/wp.me\/p6RhLt-rvg","jetpack_sharing_enabled":true,"_links":{"self":[{"href":"https:\/\/eldiariodesanpedro.com.ar\/sitio\/wp-json\/wp\/v2\/posts\/105726","targetHints":{"allow":["GET"]}}],"collection":[{"href":"https:\/\/eldiariodesanpedro.com.ar\/sitio\/wp-json\/wp\/v2\/posts"}],"about":[{"href":"https:\/\/eldiariodesanpedro.com.ar\/sitio\/wp-json\/wp\/v2\/types\/post"}],"author":[{"embeddable":true,"href":"https:\/\/eldiariodesanpedro.com.ar\/sitio\/wp-json\/wp\/v2\/users\/4"}],"replies":[{"embeddable":true,"href":"https:\/\/eldiariodesanpedro.com.ar\/sitio\/wp-json\/wp\/v2\/comments?post=105726"}],"version-history":[{"count":1,"href":"https:\/\/eldiariodesanpedro.com.ar\/sitio\/wp-json\/wp\/v2\/posts\/105726\/revisions"}],"predecessor-version":[{"id":105730,"href":"https:\/\/eldiariodesanpedro.com.ar\/sitio\/wp-json\/wp\/v2\/posts\/105726\/revisions\/105730"}],"wp:featuredmedia":[{"embeddable":true,"href":"https:\/\/eldiariodesanpedro.com.ar\/sitio\/wp-json\/wp\/v2\/media\/105727"}],"wp:attachment":[{"href":"https:\/\/eldiariodesanpedro.com.ar\/sitio\/wp-json\/wp\/v2\/media?parent=105726"}],"wp:term":[{"taxonomy":"category","embeddable":true,"href":"https:\/\/eldiariodesanpedro.com.ar\/sitio\/wp-json\/wp\/v2\/categories?post=105726"},{"taxonomy":"post_tag","embeddable":true,"href":"https:\/\/eldiariodesanpedro.com.ar\/sitio\/wp-json\/wp\/v2\/tags?post=105726"}],"curies":[{"name":"wp","href":"https:\/\/api.w.org\/{rel}","templated":true}]}}