{"id":105724,"date":"2022-04-06T10:30:27","date_gmt":"2022-04-06T13:30:27","guid":{"rendered":"https:\/\/eldiariodesanpedro.com.ar\/sitio\/?p=105724"},"modified":"2022-04-06T10:30:27","modified_gmt":"2022-04-06T13:30:27","slug":"se-recupera-una-bicicleta-que-fue-robada-dias-atras","status":"publish","type":"post","link":"https:\/\/eldiariodesanpedro.com.ar\/sitio\/se-recupera-una-bicicleta-que-fue-robada-dias-atras\/","title":{"rendered":"Se recupera una bicicleta que fue robada d\u00edas atr\u00e1s"},"content":{"rendered":"<!-- VideographyWP Plugin Message: Automatic video embedding prevented by plugin options. -->\n\n<p>El Personal policial en recorridas din\u00e1micas halla bicicleta tipo mountain bike alta gama, abandonada por un sujeto desconocido que la llevaba al hombro, que advertido por la polic\u00eda huy\u00f3 a la carrera en las intersecciones de las arterias Balcarce y Javier Rivero.&nbsp;<\/p>\n\n\n\n<p>Se estableci\u00f3 que la bicicleta resultaba sustra\u00edda y denunciada el d\u00eda 01 de Abril en hecho de Hurto por un vecino de nuestra ciudad de 23 a\u00f1os de la vereda de Ruffa y Las Provincias que se hallaba en etapa investigativa.&nbsp;<\/p>\n\n\n\n<p>Le fue restituida la bicicleta a la v\u00edctima. Se procura autor\u00eda con intervenci\u00f3n de la fiscal\u00eda local.<\/p>\n","protected":false},"excerpt":{"rendered":"<p>El Personal policial en recorridas din\u00e1micas halla bicicleta tipo mountain bike alta gama, abandonada por un sujeto desconocido que la llevaba al hombro, que advertido por la polic\u00eda huy\u00f3 a la carrera en las intersecciones de las arterias Balcarce y Javier Rivero.&nbsp; Se estableci\u00f3 que la bicicleta resultaba sustra\u00edda y denunciada el d\u00eda 01 de [&hellip;]<\/p>\n","protected":false},"author":4,"featured_media":77860,"comment_status":"closed","ping_status":"closed","sticky":false,"template":"","format":"standard","meta":{"om_disable_all_campaigns":false,"_jetpack_memberships_contains_paid_content":false,"footnotes":""},"categories":[101,2],"tags":[197,33,19],"class_list":["post-105724","post","type-post","status-publish","format-standard","has-post-thumbnail","hentry","category-interes-general-locales","category-locales","tag-buenos-aires","tag-locales","tag-san-pedro"],"aioseo_notices":[],"gutentor_comment":0,"jetpack_featured_media_url":"https:\/\/eldiariodesanpedro.com.ar\/sitio\/wp-content\/uploads\/2020\/07\/000085506.jpg","jetpack_shortlink":"https:\/\/wp.me\/p6RhLt-rve","jetpack_sharing_enabled":true,"_links":{"self":[{"href":"https:\/\/eldiariodesanpedro.com.ar\/sitio\/wp-json\/wp\/v2\/posts\/105724","targetHints":{"allow":["GET"]}}],"collection":[{"href":"https:\/\/eldiariodesanpedro.com.ar\/sitio\/wp-json\/wp\/v2\/posts"}],"about":[{"href":"https:\/\/eldiariodesanpedro.com.ar\/sitio\/wp-json\/wp\/v2\/types\/post"}],"author":[{"embeddable":true,"href":"https:\/\/eldiariodesanpedro.com.ar\/sitio\/wp-json\/wp\/v2\/users\/4"}],"replies":[{"embeddable":true,"href":"https:\/\/eldiariodesanpedro.com.ar\/sitio\/wp-json\/wp\/v2\/comments?post=105724"}],"version-history":[{"count":1,"href":"https:\/\/eldiariodesanpedro.com.ar\/sitio\/wp-json\/wp\/v2\/posts\/105724\/revisions"}],"predecessor-version":[{"id":105725,"href":"https:\/\/eldiariodesanpedro.com.ar\/sitio\/wp-json\/wp\/v2\/posts\/105724\/revisions\/105725"}],"wp:featuredmedia":[{"embeddable":true,"href":"https:\/\/eldiariodesanpedro.com.ar\/sitio\/wp-json\/wp\/v2\/media\/77860"}],"wp:attachment":[{"href":"https:\/\/eldiariodesanpedro.com.ar\/sitio\/wp-json\/wp\/v2\/media?parent=105724"}],"wp:term":[{"taxonomy":"category","embeddable":true,"href":"https:\/\/eldiariodesanpedro.com.ar\/sitio\/wp-json\/wp\/v2\/categories?post=105724"},{"taxonomy":"post_tag","embeddable":true,"href":"https:\/\/eldiariodesanpedro.com.ar\/sitio\/wp-json\/wp\/v2\/tags?post=105724"}],"curies":[{"name":"wp","href":"https:\/\/api.w.org\/{rel}","templated":true}]}}