{"id":105721,"date":"2022-04-06T10:10:33","date_gmt":"2022-04-06T13:10:33","guid":{"rendered":"https:\/\/eldiariodesanpedro.com.ar\/sitio\/?p=105721"},"modified":"2022-04-06T10:10:34","modified_gmt":"2022-04-06T13:10:34","slug":"la-renga-volveria-a-baradero-en-septiembre%ef%bf%bc","status":"publish","type":"post","link":"https:\/\/eldiariodesanpedro.com.ar\/sitio\/la-renga-volveria-a-baradero-en-septiembre%ef%bf%bc\/","title":{"rendered":"La Renga volver\u00eda a Baradero en septiembre\ufffc"},"content":{"rendered":"<!-- VideographyWP Plugin Message: Automatic video embedding prevented by plugin options. -->\n\n<p>La banda de Mataderos regresar\u00eda al anfiteatro municipal de la ciudad gobernada por Esteban Sanzio para presentar su \u00faltimo disco \u00abAlejado de la red\u00bb. Aunque la informaci\u00f3n a\u00fan no es oficial, s\u00ed est\u00e1 confirmado que existen negociaciones al respecto.<\/p>\n\n\n\n<p>Despu\u00e9s del banquete brindado en 2015,&nbsp;<strong>La Renga volver\u00eda a Baradero<\/strong>&nbsp;para actuar en el anfiteatro municipal Pedro Carossi en el mes de&nbsp;<strong>septiembre<\/strong>, presentando su \u00faltimo disco&nbsp;<strong>\u00abAlejado de la red\u00bb<\/strong>.<\/p>\n\n\n\n<p>Aunque a\u00fan no fue oficializada la llegada de la banda de Mataderos s\u00ed&nbsp;<strong>est\u00e1 confirmado que comenzaron las gestiones<\/strong>&nbsp;entre las partes por lo que pronto podr\u00eda haber novedades.&nbsp;<\/p>\n\n\n\n<p>Baradero viene de ser escenario de dos noches de rocanrol con la actuaci\u00f3n de Los Gardelitos y Don Osvaldo, adem\u00e1s de recuperar el Rock en Baradero tras el parate obligado por la pandemia.<\/p>\n\n\n\n<p>En el 2015, y en el marco de los festejos por los 400 a\u00f1os de Baradero, la banda de \u00abChizo\u00bb, \u00abTete\u00bb y \u00abTanque\u00bb actu\u00f3 ante un anfiteatro repleto, presentando por entonce su \u00faltimo material discogr\u00e1fico, \u00abPesados Vestigios\u00bb.<\/p>\n","protected":false},"excerpt":{"rendered":"<p>La banda de Mataderos regresar\u00eda al anfiteatro municipal de la ciudad gobernada por Esteban Sanzio para presentar su \u00faltimo disco \u00abAlejado de la red\u00bb. Aunque la informaci\u00f3n a\u00fan no es oficial, s\u00ed est\u00e1 confirmado que existen negociaciones al respecto. Despu\u00e9s del banquete brindado en 2015,&nbsp;La Renga volver\u00eda a Baradero&nbsp;para actuar en el anfiteatro municipal Pedro [&hellip;]<\/p>\n","protected":false},"author":4,"featured_media":105722,"comment_status":"closed","ping_status":"closed","sticky":false,"template":"","format":"standard","meta":{"om_disable_all_campaigns":false,"_jetpack_memberships_contains_paid_content":false,"footnotes":""},"categories":[50,101,2],"tags":[197,696,33,19],"class_list":["post-105721","post","type-post","status-publish","format-standard","has-post-thumbnail","hentry","category-destacadas","category-interes-general-locales","category-locales","tag-buenos-aires","tag-interes-general","tag-locales","tag-san-pedro"],"aioseo_notices":[],"gutentor_comment":0,"jetpack_featured_media_url":"https:\/\/eldiariodesanpedro.com.ar\/sitio\/wp-content\/uploads\/2022\/04\/la-renga_862x485.jpg","jetpack_shortlink":"https:\/\/wp.me\/p6RhLt-rvb","jetpack_sharing_enabled":true,"_links":{"self":[{"href":"https:\/\/eldiariodesanpedro.com.ar\/sitio\/wp-json\/wp\/v2\/posts\/105721","targetHints":{"allow":["GET"]}}],"collection":[{"href":"https:\/\/eldiariodesanpedro.com.ar\/sitio\/wp-json\/wp\/v2\/posts"}],"about":[{"href":"https:\/\/eldiariodesanpedro.com.ar\/sitio\/wp-json\/wp\/v2\/types\/post"}],"author":[{"embeddable":true,"href":"https:\/\/eldiariodesanpedro.com.ar\/sitio\/wp-json\/wp\/v2\/users\/4"}],"replies":[{"embeddable":true,"href":"https:\/\/eldiariodesanpedro.com.ar\/sitio\/wp-json\/wp\/v2\/comments?post=105721"}],"version-history":[{"count":1,"href":"https:\/\/eldiariodesanpedro.com.ar\/sitio\/wp-json\/wp\/v2\/posts\/105721\/revisions"}],"predecessor-version":[{"id":105723,"href":"https:\/\/eldiariodesanpedro.com.ar\/sitio\/wp-json\/wp\/v2\/posts\/105721\/revisions\/105723"}],"wp:featuredmedia":[{"embeddable":true,"href":"https:\/\/eldiariodesanpedro.com.ar\/sitio\/wp-json\/wp\/v2\/media\/105722"}],"wp:attachment":[{"href":"https:\/\/eldiariodesanpedro.com.ar\/sitio\/wp-json\/wp\/v2\/media?parent=105721"}],"wp:term":[{"taxonomy":"category","embeddable":true,"href":"https:\/\/eldiariodesanpedro.com.ar\/sitio\/wp-json\/wp\/v2\/categories?post=105721"},{"taxonomy":"post_tag","embeddable":true,"href":"https:\/\/eldiariodesanpedro.com.ar\/sitio\/wp-json\/wp\/v2\/tags?post=105721"}],"curies":[{"name":"wp","href":"https:\/\/api.w.org\/{rel}","templated":true}]}}