{"id":105715,"date":"2022-04-06T09:47:51","date_gmt":"2022-04-06T12:47:51","guid":{"rendered":"https:\/\/eldiariodesanpedro.com.ar\/sitio\/?p=105715"},"modified":"2022-04-06T09:47:52","modified_gmt":"2022-04-06T12:47:52","slug":"detuvieron-a-un-delincuente-que-fue-identificado-por-las-camaras-de-seguridad","status":"publish","type":"post","link":"https:\/\/eldiariodesanpedro.com.ar\/sitio\/detuvieron-a-un-delincuente-que-fue-identificado-por-las-camaras-de-seguridad\/","title":{"rendered":"Detuvieron a un delincuente que fue identificado por las c\u00e1maras de seguridad"},"content":{"rendered":"<!-- VideographyWP Plugin Message: Automatic video embedding prevented by plugin options. -->\n\n<p>Est\u00e1 acusado de participar en al menos tres robos. Pudo ser identificado por la moto en la que se movilizaba y que aparec\u00eda en todas las im\u00e1genes de los sistemas de seguridad que reportaron lo sucedido.<\/p>\n\n\n\n<p>Personal de la DDI San Pedro m\u00e1s personal de la Comisar\u00eda y Grupo GAD encabezaron en la ma\u00f1ana del martes un operativo que tenia como fin esclarecer varios hechos acontecidos en los \u00faltimos d\u00edas.<\/p>\n\n\n\n<p>Se allanaron dos domicilios y en uno de ellos se logr\u00f3 dar con una persona de 27 a\u00f1os que est\u00e1 se\u00f1alado como el protagonistas de los robos.<\/p>\n\n\n\n<p>En el lugar se hallaron distintos elementos como vestimenta, calzado y la moto Corven de color celeste y gris que es la que se ve en las c\u00e1maras de seguridad que reportaron varios de los hechos cometidos.<\/p>\n\n\n\n<p>El acusado fue aprehendido y alojado en la Comisar\u00eda de nuestra ciudad a disposici\u00f3n de la Ufi 5. &nbsp;<\/p>\n","protected":false},"excerpt":{"rendered":"<p>Est\u00e1 acusado de participar en al menos tres robos. Pudo ser identificado por la moto en la que se movilizaba y que aparec\u00eda en todas las im\u00e1genes de los sistemas de seguridad que reportaron lo sucedido. Personal de la DDI San Pedro m\u00e1s personal de la Comisar\u00eda y Grupo GAD encabezaron en la ma\u00f1ana del [&hellip;]<\/p>\n","protected":false},"author":4,"featured_media":105716,"comment_status":"closed","ping_status":"closed","sticky":false,"template":"","format":"standard","meta":{"om_disable_all_campaigns":false,"_jetpack_memberships_contains_paid_content":false,"footnotes":""},"categories":[50,2,103],"tags":[197,33,95,19],"class_list":["post-105715","post","type-post","status-publish","format-standard","has-post-thumbnail","hentry","category-destacadas","category-locales","category-policiales-locales","tag-buenos-aires","tag-locales","tag-policiales","tag-san-pedro"],"aioseo_notices":[],"gutentor_comment":0,"jetpack_featured_media_url":"https:\/\/eldiariodesanpedro.com.ar\/sitio\/wp-content\/uploads\/2022\/04\/0000020789-resized-1920x1080-1.jpg","jetpack_shortlink":"https:\/\/wp.me\/p6RhLt-rv5","jetpack_sharing_enabled":true,"_links":{"self":[{"href":"https:\/\/eldiariodesanpedro.com.ar\/sitio\/wp-json\/wp\/v2\/posts\/105715","targetHints":{"allow":["GET"]}}],"collection":[{"href":"https:\/\/eldiariodesanpedro.com.ar\/sitio\/wp-json\/wp\/v2\/posts"}],"about":[{"href":"https:\/\/eldiariodesanpedro.com.ar\/sitio\/wp-json\/wp\/v2\/types\/post"}],"author":[{"embeddable":true,"href":"https:\/\/eldiariodesanpedro.com.ar\/sitio\/wp-json\/wp\/v2\/users\/4"}],"replies":[{"embeddable":true,"href":"https:\/\/eldiariodesanpedro.com.ar\/sitio\/wp-json\/wp\/v2\/comments?post=105715"}],"version-history":[{"count":1,"href":"https:\/\/eldiariodesanpedro.com.ar\/sitio\/wp-json\/wp\/v2\/posts\/105715\/revisions"}],"predecessor-version":[{"id":105717,"href":"https:\/\/eldiariodesanpedro.com.ar\/sitio\/wp-json\/wp\/v2\/posts\/105715\/revisions\/105717"}],"wp:featuredmedia":[{"embeddable":true,"href":"https:\/\/eldiariodesanpedro.com.ar\/sitio\/wp-json\/wp\/v2\/media\/105716"}],"wp:attachment":[{"href":"https:\/\/eldiariodesanpedro.com.ar\/sitio\/wp-json\/wp\/v2\/media?parent=105715"}],"wp:term":[{"taxonomy":"category","embeddable":true,"href":"https:\/\/eldiariodesanpedro.com.ar\/sitio\/wp-json\/wp\/v2\/categories?post=105715"},{"taxonomy":"post_tag","embeddable":true,"href":"https:\/\/eldiariodesanpedro.com.ar\/sitio\/wp-json\/wp\/v2\/tags?post=105715"}],"curies":[{"name":"wp","href":"https:\/\/api.w.org\/{rel}","templated":true}]}}