{"id":105713,"date":"2022-04-06T09:45:12","date_gmt":"2022-04-06T12:45:12","guid":{"rendered":"https:\/\/eldiariodesanpedro.com.ar\/sitio\/?p=105713"},"modified":"2022-04-06T09:45:13","modified_gmt":"2022-04-06T12:45:13","slug":"anses-quienes-cobran-hoy-6-de-abril-pensiones-no-contributivas","status":"publish","type":"post","link":"https:\/\/eldiariodesanpedro.com.ar\/sitio\/anses-quienes-cobran-hoy-6-de-abril-pensiones-no-contributivas\/","title":{"rendered":"ANSES: qui\u00e9nes cobran hoy, 6 de abril, Pensiones No Contributivas"},"content":{"rendered":"<!-- VideographyWP Plugin Message: Automatic video embedding prevented by plugin options. -->\n\n<p>Comienza el calendario de pagos de Anses correspondiente al mes de abril. Mir\u00e1 qui\u00e9nes cobran este mi\u00e9rcoles 6 de abril.<\/p>\n\n\n\n<p>La\u00a0<strong>Administraci\u00f3n Nacional de la Seguridad Social<\/strong>\u00a0(<strong>ANSES<\/strong>) contin\u00faa su<strong>\u00a0calendario de pagos<\/strong>\u00a0correspondiente al mes de\u00a0<strong><a href=\"https:\/\/infocielo.com\/abril-a248\">ab<\/a>r<a href=\"https:\/\/infocielo.com\/abril-a248\">il<\/a>\u00a0de 2022<\/strong>. En el mismo, constan las fechas de cobro de jubilaciones, pensiones, Asignaci\u00f3n Universal por Hijo (AUH), Asignaci\u00f3n Universal por Embarazo, Asignaciones Familiares, Pensiones No Contributivas y Programa Desempleo 1, 2 y 3, entre otros beneficios del organismo previsional.<\/p>\n\n\n\n<h3 class=\"wp-block-heading\">\u00bfQui\u00e9nes cobran Anses este 6 de\u00a0abril?<\/h3>\n\n\n\n<p>Este d\u00eda h\u00e1bil de abril contin\u00faan cobrando los beneficiarios y las beneficiarias de Pensiones No Contributivas. Se trata del pago del haber correspondiente al mes en curso.<\/p>\n\n\n\n<p>Pensiones no Contributivas (PNC) fechas de pago<\/p>\n\n\n\n<ul class=\"wp-block-list\"><li>DNI terminado 0 y 1: viernes 1 de abril<\/li><li>DNI terminado 2 y 3: lunes 4 de abril<\/li><li>DNI terminado 4 y 5: martes 5 de abril<\/li><li>DNI terminado 6 y 7: mi\u00e9rcoles 6 de abril<\/li><li>DNI terminado 8 y 9: jueves 7 de abril<\/li><\/ul>\n\n\n\n<h3 class=\"wp-block-heading\">\u00bfCu\u00e1nto cobro?<\/h3>\n\n\n\n<p>A partir del marzo, se confirm\u00f3 un aumento del 12,28% e impacta en los haberes de jubilados y pensionados, AUH, SUAF y AUE.<\/p>\n\n\n\n<p>Los&nbsp;<strong>montos&nbsp;<\/strong>quedaron de la siguiente manera:<\/p>\n\n\n\n<ul class=\"wp-block-list\"><li>Jubilaciones y pensiones (haber m\u00ednimo)<strong>: $32.630<\/strong><\/li><li>Asignaci\u00f3n Universal por Hijo:&nbsp;<strong>$6.375<\/strong><\/li><li>Asignaci\u00f3n Universal por Embarazo:&nbsp;<strong>$6.375<\/strong><\/li><li>Asignaci\u00f3n Familiar por Hijo<strong>: $6.374 + 3751,86<\/strong>&nbsp;del Complemento Mensual para SUAF<\/li><\/ul>\n\n\n\n<p>La Administraci\u00f3n Nacional de la Seguridad Social (Anses) record\u00f3 que si bien no tienen que solicitar turno para cobrar este beneficio, deben acercarse a la entidad bancaria \u00fanicamente en la fecha asignada.<\/p>\n\n\n\n<p>El resto de las prestaciones comenzar\u00e1 su calendario de pagos en los pr\u00f3ximos d\u00edas.<\/p>\n\n\n\n<p><a href=\"https:\/\/media.infocielo.com\/p\/9c7c0c96a8c191ac29a3d8b700e35e14\/adjuntos\/299\/imagenes\/001\/335\/0001335551\/887x0\/smart\/ansesjpg.jpg\"><\/a><\/p>\n","protected":false},"excerpt":{"rendered":"<p>Comienza el calendario de pagos de Anses correspondiente al mes de abril. Mir\u00e1 qui\u00e9nes cobran este mi\u00e9rcoles 6 de abril. La\u00a0Administraci\u00f3n Nacional de la Seguridad Social\u00a0(ANSES) contin\u00faa su\u00a0calendario de pagos\u00a0correspondiente al mes de\u00a0abril\u00a0de 2022. En el mismo, constan las fechas de cobro de jubilaciones, pensiones, Asignaci\u00f3n Universal por Hijo (AUH), Asignaci\u00f3n Universal por Embarazo, Asignaciones [&hellip;]<\/p>\n","protected":false},"author":4,"featured_media":100119,"comment_status":"closed","ping_status":"closed","sticky":false,"template":"","format":"standard","meta":{"om_disable_all_campaigns":false,"_jetpack_memberships_contains_paid_content":false,"footnotes":""},"categories":[101,2],"tags":[197,696,33,19],"class_list":["post-105713","post","type-post","status-publish","format-standard","has-post-thumbnail","hentry","category-interes-general-locales","category-locales","tag-buenos-aires","tag-interes-general","tag-locales","tag-san-pedro"],"aioseo_notices":[],"gutentor_comment":0,"jetpack_featured_media_url":"https:\/\/eldiariodesanpedro.com.ar\/sitio\/wp-content\/uploads\/2021\/10\/ansesjpgjpg.jpg","jetpack_shortlink":"https:\/\/wp.me\/p6RhLt-rv3","jetpack_sharing_enabled":true,"_links":{"self":[{"href":"https:\/\/eldiariodesanpedro.com.ar\/sitio\/wp-json\/wp\/v2\/posts\/105713","targetHints":{"allow":["GET"]}}],"collection":[{"href":"https:\/\/eldiariodesanpedro.com.ar\/sitio\/wp-json\/wp\/v2\/posts"}],"about":[{"href":"https:\/\/eldiariodesanpedro.com.ar\/sitio\/wp-json\/wp\/v2\/types\/post"}],"author":[{"embeddable":true,"href":"https:\/\/eldiariodesanpedro.com.ar\/sitio\/wp-json\/wp\/v2\/users\/4"}],"replies":[{"embeddable":true,"href":"https:\/\/eldiariodesanpedro.com.ar\/sitio\/wp-json\/wp\/v2\/comments?post=105713"}],"version-history":[{"count":1,"href":"https:\/\/eldiariodesanpedro.com.ar\/sitio\/wp-json\/wp\/v2\/posts\/105713\/revisions"}],"predecessor-version":[{"id":105714,"href":"https:\/\/eldiariodesanpedro.com.ar\/sitio\/wp-json\/wp\/v2\/posts\/105713\/revisions\/105714"}],"wp:featuredmedia":[{"embeddable":true,"href":"https:\/\/eldiariodesanpedro.com.ar\/sitio\/wp-json\/wp\/v2\/media\/100119"}],"wp:attachment":[{"href":"https:\/\/eldiariodesanpedro.com.ar\/sitio\/wp-json\/wp\/v2\/media?parent=105713"}],"wp:term":[{"taxonomy":"category","embeddable":true,"href":"https:\/\/eldiariodesanpedro.com.ar\/sitio\/wp-json\/wp\/v2\/categories?post=105713"},{"taxonomy":"post_tag","embeddable":true,"href":"https:\/\/eldiariodesanpedro.com.ar\/sitio\/wp-json\/wp\/v2\/tags?post=105713"}],"curies":[{"name":"wp","href":"https:\/\/api.w.org\/{rel}","templated":true}]}}