{"id":105693,"date":"2022-04-05T20:30:03","date_gmt":"2022-04-05T23:30:03","guid":{"rendered":"https:\/\/eldiariodesanpedro.com.ar\/sitio\/?p=105693"},"modified":"2022-04-05T20:30:04","modified_gmt":"2022-04-05T23:30:04","slug":"el-operativo-estamos-en-tu-barrio-llego-a-santa-lucia","status":"publish","type":"post","link":"https:\/\/eldiariodesanpedro.com.ar\/sitio\/el-operativo-estamos-en-tu-barrio-llego-a-santa-lucia\/","title":{"rendered":"El operativo \u201cEstamos en tu Barrio\u201d lleg\u00f3 a Santa Luc\u00eda"},"content":{"rendered":"<!-- VideographyWP Plugin Message: Automatic video embedding prevented by plugin options. -->\n\n<p>Este martes se desarroll\u00f3 una nueva jornada del operativo \u201cEstamos en tu Barrio\u201d que llevan adelante las diferentes \u00e1reas municipales con el objetivo de incrementar la presencia territorial, para acercar soluciones a los vecinos de los barrios y las localidades, en esta ocasi\u00f3n en la plaza San Mart\u00edn de Santa Luc\u00eda.<\/p>\n\n\n\n<p>Con buena concurrencia y la visita del Intendente Dr. Ram\u00f3n Salazar, los funcionarios y representantes de las \u00e1reas municipales y organismos participantes recibieron consultas en los puestos armados en la plaza de la localidad.<\/p>\n\n\n\n<p>Concurrieron las secretar\u00edas de Desarrollo Econ\u00f3mico; Pol\u00edticas de G\u00e9nero, Mujeres y Diversidad; Turismo y Cultura; Desarrollo Humano, Salud y Seguridad y las direcciones de Deportes; Comisiones de Fomento; Bromatolog\u00eda y Rentas.<\/p>\n\n\n\n<p>Como en ocasiones anteriores, formaron parte del operativo el Centro de Acceso a la Justicia, el vacunatorio San Pedro Vacunate, la delegaci\u00f3n local del Ministerio de Trabajo de la Provincia de Buenos Aires y la Comisar\u00eda de la Mujer y la Familia que encabeza la Oficial Principal Mariana Aguil\u00e1.<\/p>\n\n\n\n<p>Adem\u00e1s, desde la Secretar\u00eda de Coordinaci\u00f3n se puso especial \u00e9nfasis en promocionar el acceso al censo digital que ya se encuentra habilitado para facilitar la tarea de los censistas el mes pr\u00f3ximo.<\/p>\n\n\n\n<p>La Secretar\u00eda de Desarrollo Econ\u00f3mico brind\u00f3 asesoramiento para micro emprendedores desde la oficina de empleo e informaci\u00f3n sobre las l\u00edneas de cr\u00e9ditos existentes.<\/p>\n\n\n\n<p>La Secretar\u00eda de Pol\u00edticas de G\u00e9nero, Mujeres y Diversidad junto a la Comisar\u00eda de la Mujer y la Familia asisti\u00f3 a mujeres con inquietudes sobre el tema.<\/p>\n\n\n\n<p>Turismo y Cultura facilit\u00f3 informaci\u00f3n sobre las alternativas tur\u00edsticas y los eventos programados, Desarrollo Humano ofreci\u00f3 asesoramiento y respuestas a consultas sobre el \u00e1rea de Discapacidad y la Tarjetas M\u00e1s Vida, la Direcci\u00f3n de Deportes orient\u00f3 respecto de las actividades de las escuelas municipales; la Direcci\u00f3n de Rentas brind\u00f3 informaci\u00f3n para contribuyentes sobre tr\u00e1mites, habilitaciones y planes de pago.<\/p>\n\n\n\n<p>Desde la Secretar\u00eda de Salud se aplicaron 68 vacunas (doble viral, neumon\u00eda, y antigripal) y el equipo de vacunaci\u00f3n Covid-19 aplic\u00f3 m\u00e1s de 76 dosis.<\/p>\n\n\n\n<p>La cuarta jornada del operativo municipal, que permite el abordaje integral del Estado al territorio, se concretar\u00e1 el 4 de mayo en Vuelta de Obligado.<\/p>\n\n\n\n<figure class=\"wp-block-image size-full\"><img decoding=\"async\" width=\"901\" height=\"630\" data-attachment-id=\"105698\" data-permalink=\"https:\/\/eldiariodesanpedro.com.ar\/sitio\/el-operativo-estamos-en-tu-barrio-llego-a-santa-lucia\/whatsapp-image-2022-04-05-at-4-39-30-pm-1\/\" data-orig-file=\"https:\/\/eldiariodesanpedro.com.ar\/sitio\/wp-content\/uploads\/2022\/04\/WhatsApp-Image-2022-04-05-at-4.39.30-PM-1.jpeg\" data-orig-size=\"901,630\" data-comments-opened=\"0\" data-image-meta=\"{&quot;aperture&quot;:&quot;0&quot;,&quot;credit&quot;:&quot;&quot;,&quot;camera&quot;:&quot;&quot;,&quot;caption&quot;:&quot;&quot;,&quot;created_timestamp&quot;:&quot;0&quot;,&quot;copyright&quot;:&quot;&quot;,&quot;focal_length&quot;:&quot;0&quot;,&quot;iso&quot;:&quot;0&quot;,&quot;shutter_speed&quot;:&quot;0&quot;,&quot;title&quot;:&quot;&quot;,&quot;orientation&quot;:&quot;0&quot;}\" data-image-title=\"WhatsApp Image 2022-04-05 at 4.39.30 PM (1)\" data-image-description=\"\" data-image-caption=\"\" data-large-file=\"https:\/\/eldiariodesanpedro.com.ar\/sitio\/wp-content\/uploads\/2022\/04\/WhatsApp-Image-2022-04-05-at-4.39.30-PM-1.jpeg\" data-src=\"https:\/\/eldiariodesanpedro.com.ar\/sitio\/wp-content\/uploads\/2022\/04\/WhatsApp-Image-2022-04-05-at-4.39.30-PM-1.jpeg\" alt=\"\" class=\"wp-image-105698 lazyload\" data-srcset=\"https:\/\/eldiariodesanpedro.com.ar\/sitio\/wp-content\/uploads\/2022\/04\/WhatsApp-Image-2022-04-05-at-4.39.30-PM-1.jpeg 901w, https:\/\/eldiariodesanpedro.com.ar\/sitio\/wp-content\/uploads\/2022\/04\/WhatsApp-Image-2022-04-05-at-4.39.30-PM-1-300x210.jpeg 300w, https:\/\/eldiariodesanpedro.com.ar\/sitio\/wp-content\/uploads\/2022\/04\/WhatsApp-Image-2022-04-05-at-4.39.30-PM-1-768x537.jpeg 768w\" data-sizes=\"(max-width: 901px) 100vw, 901px\" src=\"data:image\/svg+xml;base64,PHN2ZyB3aWR0aD0iMSIgaGVpZ2h0PSIxIiB4bWxucz0iaHR0cDovL3d3dy53My5vcmcvMjAwMC9zdmciPjwvc3ZnPg==\" style=\"--smush-placeholder-width: 901px; --smush-placeholder-aspect-ratio: 901\/630;\" \/><\/figure>\n","protected":false},"excerpt":{"rendered":"<p>Este martes se desarroll\u00f3 una nueva jornada del operativo \u201cEstamos en tu Barrio\u201d que llevan adelante las diferentes \u00e1reas municipales con el objetivo de incrementar la presencia territorial, para acercar soluciones a los vecinos de los barrios y las localidades, en esta ocasi\u00f3n en la plaza San Mart\u00edn de Santa Luc\u00eda. Con buena concurrencia y [&hellip;]<\/p>\n","protected":false},"author":4,"featured_media":105700,"comment_status":"closed","ping_status":"closed","sticky":false,"template":"","format":"standard","meta":{"om_disable_all_campaigns":false,"_jetpack_memberships_contains_paid_content":false,"footnotes":""},"categories":[50,101,2],"tags":[197,696,33,19],"class_list":["post-105693","post","type-post","status-publish","format-standard","has-post-thumbnail","hentry","category-destacadas","category-interes-general-locales","category-locales","tag-buenos-aires","tag-interes-general","tag-locales","tag-san-pedro"],"aioseo_notices":[],"gutentor_comment":0,"jetpack_featured_media_url":"https:\/\/eldiariodesanpedro.com.ar\/sitio\/wp-content\/uploads\/2022\/04\/WhatsApp-Image-2022-04-05-at-4.39.31-PM.jpeg","jetpack_shortlink":"https:\/\/wp.me\/p6RhLt-ruJ","jetpack_sharing_enabled":true,"_links":{"self":[{"href":"https:\/\/eldiariodesanpedro.com.ar\/sitio\/wp-json\/wp\/v2\/posts\/105693","targetHints":{"allow":["GET"]}}],"collection":[{"href":"https:\/\/eldiariodesanpedro.com.ar\/sitio\/wp-json\/wp\/v2\/posts"}],"about":[{"href":"https:\/\/eldiariodesanpedro.com.ar\/sitio\/wp-json\/wp\/v2\/types\/post"}],"author":[{"embeddable":true,"href":"https:\/\/eldiariodesanpedro.com.ar\/sitio\/wp-json\/wp\/v2\/users\/4"}],"replies":[{"embeddable":true,"href":"https:\/\/eldiariodesanpedro.com.ar\/sitio\/wp-json\/wp\/v2\/comments?post=105693"}],"version-history":[{"count":1,"href":"https:\/\/eldiariodesanpedro.com.ar\/sitio\/wp-json\/wp\/v2\/posts\/105693\/revisions"}],"predecessor-version":[{"id":105701,"href":"https:\/\/eldiariodesanpedro.com.ar\/sitio\/wp-json\/wp\/v2\/posts\/105693\/revisions\/105701"}],"wp:featuredmedia":[{"embeddable":true,"href":"https:\/\/eldiariodesanpedro.com.ar\/sitio\/wp-json\/wp\/v2\/media\/105700"}],"wp:attachment":[{"href":"https:\/\/eldiariodesanpedro.com.ar\/sitio\/wp-json\/wp\/v2\/media?parent=105693"}],"wp:term":[{"taxonomy":"category","embeddable":true,"href":"https:\/\/eldiariodesanpedro.com.ar\/sitio\/wp-json\/wp\/v2\/categories?post=105693"},{"taxonomy":"post_tag","embeddable":true,"href":"https:\/\/eldiariodesanpedro.com.ar\/sitio\/wp-json\/wp\/v2\/tags?post=105693"}],"curies":[{"name":"wp","href":"https:\/\/api.w.org\/{rel}","templated":true}]}}