{"id":105690,"date":"2022-04-05T20:22:54","date_gmt":"2022-04-05T23:22:54","guid":{"rendered":"https:\/\/eldiariodesanpedro.com.ar\/sitio\/?p=105690"},"modified":"2022-04-05T20:22:54","modified_gmt":"2022-04-05T23:22:54","slug":"bagsa-se-reune-con-vecinos-de-rio-tala-santa-lucia-y-doyle-para-difundir-los-planes-de-conexion-a-la-red-de-gas-natural","status":"publish","type":"post","link":"https:\/\/eldiariodesanpedro.com.ar\/sitio\/bagsa-se-reune-con-vecinos-de-rio-tala-santa-lucia-y-doyle-para-difundir-los-planes-de-conexion-a-la-red-de-gas-natural\/","title":{"rendered":"BAGSA se re\u00fane con vecinos de R\u00edo Tala, Santa Luc\u00eda y Doyle para difundir los planes de conexi\u00f3n a la red de gas natural"},"content":{"rendered":"<!-- VideographyWP Plugin Message: Automatic video embedding prevented by plugin options. -->\n\n<p>Este jueves 7 de abril estar\u00e1n en en Partido de San Pedro representantes de Buenos Aires Gas S.A., empresa distribuidora de gas de la provincia para mantener reuniones con vecinos de las localidades de R\u00edo Tala, Santa Luc\u00eda y Doyle, para brindar informaci\u00f3n a los interesados en conectarse al servicio de gas natural por redes.<\/p>\n\n\n\n<p>Luego de la llegada de las redes troncales a estas localidades y las primeras conexiones, el prop\u00f3sito es actualizar las condiciones a trav\u00e9s de las cu\u00e1les los vecinos pueden incorporar el servicio.<\/p>\n\n\n\n<p>La reuni\u00f3n de R\u00edo Tala ser\u00e1 este jueves a las 16 horas en la Sala de reuniones de la Cooperativa sita en Carmelino y Schalibaung de la localidad de R\u00edo Tala y contar\u00e1 con la presencia de personal t\u00e9cnico de la Gerencia Comercial de BAGSA \u2013 \u00c1rea de Servicios al Usuario y \u00c1rea de Instalaciones Internas junto a la Cooperativa de Agua Potable y otros servicios p\u00fablicos de R\u00edo Tala, para poder informar y asesorar a los concurrentes c\u00f3mo iniciar o culminar su tr\u00e1mite de conexi\u00f3n. Tambi\u00e9n se informar\u00e1 sobre los alcances del programa Mejoramiento de Gas, que est\u00e1 destinado a otorgar microcr\u00e9ditos para cubrir parte de los costos de una instalaci\u00f3n interna y que es implementado con fondos del gobierno nacional.<\/p>\n\n\n\n<p>En Santa Luc\u00eda el encuentro tendr\u00e1 lugar en la misma jornada desde las 18 horas en la Sala de reuniones de la Cooperativa sita en Ayacucho 330 de la localidad.<\/p>\n","protected":false},"excerpt":{"rendered":"<p>Este jueves 7 de abril estar\u00e1n en en Partido de San Pedro representantes de Buenos Aires Gas S.A., empresa distribuidora de gas de la provincia para mantener reuniones con vecinos de las localidades de R\u00edo Tala, Santa Luc\u00eda y Doyle, para brindar informaci\u00f3n a los interesados en conectarse al servicio de gas natural por redes. [&hellip;]<\/p>\n","protected":false},"author":4,"featured_media":105691,"comment_status":"closed","ping_status":"closed","sticky":false,"template":"","format":"standard","meta":{"om_disable_all_campaigns":false,"_jetpack_memberships_contains_paid_content":false,"footnotes":""},"categories":[50,101,2],"tags":[197,696,33,19],"class_list":["post-105690","post","type-post","status-publish","format-standard","has-post-thumbnail","hentry","category-destacadas","category-interes-general-locales","category-locales","tag-buenos-aires","tag-interes-general","tag-locales","tag-san-pedro"],"aioseo_notices":[],"gutentor_comment":0,"jetpack_featured_media_url":"https:\/\/eldiariodesanpedro.com.ar\/sitio\/wp-content\/uploads\/2022\/04\/WhatsApp-Image-2022-04-05-at-4.26.53-PM.jpeg","jetpack_shortlink":"https:\/\/wp.me\/p6RhLt-ruG","jetpack_sharing_enabled":true,"_links":{"self":[{"href":"https:\/\/eldiariodesanpedro.com.ar\/sitio\/wp-json\/wp\/v2\/posts\/105690","targetHints":{"allow":["GET"]}}],"collection":[{"href":"https:\/\/eldiariodesanpedro.com.ar\/sitio\/wp-json\/wp\/v2\/posts"}],"about":[{"href":"https:\/\/eldiariodesanpedro.com.ar\/sitio\/wp-json\/wp\/v2\/types\/post"}],"author":[{"embeddable":true,"href":"https:\/\/eldiariodesanpedro.com.ar\/sitio\/wp-json\/wp\/v2\/users\/4"}],"replies":[{"embeddable":true,"href":"https:\/\/eldiariodesanpedro.com.ar\/sitio\/wp-json\/wp\/v2\/comments?post=105690"}],"version-history":[{"count":1,"href":"https:\/\/eldiariodesanpedro.com.ar\/sitio\/wp-json\/wp\/v2\/posts\/105690\/revisions"}],"predecessor-version":[{"id":105692,"href":"https:\/\/eldiariodesanpedro.com.ar\/sitio\/wp-json\/wp\/v2\/posts\/105690\/revisions\/105692"}],"wp:featuredmedia":[{"embeddable":true,"href":"https:\/\/eldiariodesanpedro.com.ar\/sitio\/wp-json\/wp\/v2\/media\/105691"}],"wp:attachment":[{"href":"https:\/\/eldiariodesanpedro.com.ar\/sitio\/wp-json\/wp\/v2\/media?parent=105690"}],"wp:term":[{"taxonomy":"category","embeddable":true,"href":"https:\/\/eldiariodesanpedro.com.ar\/sitio\/wp-json\/wp\/v2\/categories?post=105690"},{"taxonomy":"post_tag","embeddable":true,"href":"https:\/\/eldiariodesanpedro.com.ar\/sitio\/wp-json\/wp\/v2\/tags?post=105690"}],"curies":[{"name":"wp","href":"https:\/\/api.w.org\/{rel}","templated":true}]}}