{"id":105687,"date":"2022-04-05T13:20:12","date_gmt":"2022-04-05T16:20:12","guid":{"rendered":"https:\/\/eldiariodesanpedro.com.ar\/sitio\/?p=105687"},"modified":"2022-04-05T13:20:13","modified_gmt":"2022-04-05T16:20:13","slug":"tarjeta-alimentar-de-abril-estas-son-las-nuevas-fechas-para-cobrar-de-6-000-a-12-000%ef%bf%bc","status":"publish","type":"post","link":"https:\/\/eldiariodesanpedro.com.ar\/sitio\/tarjeta-alimentar-de-abril-estas-son-las-nuevas-fechas-para-cobrar-de-6-000-a-12-000%ef%bf%bc\/","title":{"rendered":"Tarjeta Alimentar de abril: Est\u00e1s son las nuevas fechas para cobrar de $6.000 a $12.000\ufffc"},"content":{"rendered":"<!-- VideographyWP Plugin Message: Automatic video embedding prevented by plugin options. -->\n\n<h3 class=\"wp-block-heading\">La fecha en que se deposita el beneficio corresponde al n\u00famero en que termina el DNI del titular, quien podr\u00e1 retirar ese mismo d\u00eda por cajero autom\u00e1tico o por ventanilla en caso de no contar con la tarjeta pl\u00e1stica.<\/h3>\n\n\n\n<p>La Administraci\u00f3n Nacional de la Seguridad Social (ANSES) confirm\u00f3 un nuevo calendario de pagos para sus prestaciones en abril, con modificaciones en las fechas debido al feriado de Semana Santa.<a><\/a><\/p>\n\n\n\n<p>Uno de los beneficios econ\u00f3micos que sufrir\u00e1 cambios en el cronograma de este mes es la Tarjeta Alimentar que brinda el Ministerio de Desarrollo Social a m\u00e1s de 2 millones de familias, con el objetivo de garantizar la alimentaci\u00f3n de los ni\u00f1os y ni\u00f1as.<\/p>\n\n\n\n<p>Se abonar\u00e1 este mes entre el viernes 8 y el 25 de abril junto con la Asignaci\u00f3n por Hijo (AUH) y por Embarazo (AUE) y las Pensiones no Contributivas de madres con 7 o m\u00e1s hijos.<\/p>\n\n\n\n<p>El Gobierno nacional paga $6.000 a titulares con un solo hijo o hija desde los 3 meses de gestaci\u00f3n hasta los 14 a\u00f1os, $9.000 por dos hijos de la misma edad, y $12.000 por tres o m\u00e1s hijos del mismo rango etario.<\/p>\n\n\n\n<p>La fecha en que se deposita el beneficio corresponde al n\u00famero en que termina el DNI del titular, quien podr\u00e1 retirar ese mismo d\u00eda por cajero autom\u00e1tico o por ventanilla en caso de no contar con la tarjeta pl\u00e1stica.<\/p>\n\n\n\n<p>Para m\u00e1s informaci\u00f3n, los interesados pueden visitar la p\u00e1gina oficial a trav\u00e9s de este enlace, donde podr\u00e1n chequear si les corresponde el programa Alimentar, ingresando a Mi Anses con su Cuil y Clave de Seguridad Social.<\/p>\n\n\n\n<p>Asignaci\u00f3n Universal por Hijo (AUH) <br>DNI terminados en 0: viernes 8 de abril <br>DNI terminados en 1: lunes 11 de abril <br>DNI terminados en 2: martes 12 de abril <br>DNI terminados en 3: mi\u00e9rcoles 13 de abril <br>DNI terminados en 4: mi\u00e9rcoles 13 de abril <br>DNI terminados en 5: lunes 18 de abril <br>DNI terminados en 6: martes 19 de abril <br>DNI terminados en 7: mi\u00e9rcoles 20 de abril <br>DNI terminados en 8: jueves 21 de abril <br>DNI terminados en 9: viernes 22 de abril <\/p>\n\n\n\n<p>Asignaci\u00f3n Universal por Embarazo (AUE) <br>DNI terminados en 0: lunes 11 de abril <br>DNI terminados en 1: martes 12 de abril <br>DNI terminados en 2: mi\u00e9rcoles 13 de abril <br>DNI terminados en 3: mi\u00e9rcoles 13 de abril <br>DNI terminados en 4: lunes 18 de abril <br>DNI terminados en 5: martes 19 de abril <br>DNI terminados en 6: mi\u00e9rcoles 20 de abril <br>DNI terminados en 7: jueves 21 de abril <br>DNI terminados en 8: viernes 22 de abril <br>DNI terminados en 9: viernes 22 de abril<\/p>\n\n\n\n<p>Pensiones No Contributivas (PNC) <br>DNI terminado 0 y 1: viernes 1 de abril <br>DNI terminado 2 y 3: lunes 4 de abril <br>DNI terminado 4 y 5: martes 5 de abril <br>DNI terminado 6 y 7: mi\u00e9rcoles 6 de abril <br>DNI terminado 8 y 9: jueves 7 de abril<\/p>\n\n\n\n<p>Fuente: Grupo La Provincia<\/p>\n","protected":false},"excerpt":{"rendered":"<p>La fecha en que se deposita el beneficio corresponde al n\u00famero en que termina el DNI del titular, quien podr\u00e1 retirar ese mismo d\u00eda por cajero autom\u00e1tico o por ventanilla en caso de no contar con la tarjeta pl\u00e1stica. La Administraci\u00f3n Nacional de la Seguridad Social (ANSES) confirm\u00f3 un nuevo calendario de pagos para sus [&hellip;]<\/p>\n","protected":false},"author":4,"featured_media":105688,"comment_status":"closed","ping_status":"closed","sticky":false,"template":"","format":"standard","meta":{"om_disable_all_campaigns":false,"_jetpack_memberships_contains_paid_content":false,"footnotes":""},"categories":[50,101,2],"tags":[197,696,33,19],"class_list":["post-105687","post","type-post","status-publish","format-standard","has-post-thumbnail","hentry","category-destacadas","category-interes-general-locales","category-locales","tag-buenos-aires","tag-interes-general","tag-locales","tag-san-pedro"],"aioseo_notices":[],"gutentor_comment":0,"jetpack_featured_media_url":"https:\/\/eldiariodesanpedro.com.ar\/sitio\/wp-content\/uploads\/2022\/04\/tarjeta-alimentar-20210511-1170962.jpg","jetpack_shortlink":"https:\/\/wp.me\/p6RhLt-ruD","jetpack_sharing_enabled":true,"_links":{"self":[{"href":"https:\/\/eldiariodesanpedro.com.ar\/sitio\/wp-json\/wp\/v2\/posts\/105687","targetHints":{"allow":["GET"]}}],"collection":[{"href":"https:\/\/eldiariodesanpedro.com.ar\/sitio\/wp-json\/wp\/v2\/posts"}],"about":[{"href":"https:\/\/eldiariodesanpedro.com.ar\/sitio\/wp-json\/wp\/v2\/types\/post"}],"author":[{"embeddable":true,"href":"https:\/\/eldiariodesanpedro.com.ar\/sitio\/wp-json\/wp\/v2\/users\/4"}],"replies":[{"embeddable":true,"href":"https:\/\/eldiariodesanpedro.com.ar\/sitio\/wp-json\/wp\/v2\/comments?post=105687"}],"version-history":[{"count":1,"href":"https:\/\/eldiariodesanpedro.com.ar\/sitio\/wp-json\/wp\/v2\/posts\/105687\/revisions"}],"predecessor-version":[{"id":105689,"href":"https:\/\/eldiariodesanpedro.com.ar\/sitio\/wp-json\/wp\/v2\/posts\/105687\/revisions\/105689"}],"wp:featuredmedia":[{"embeddable":true,"href":"https:\/\/eldiariodesanpedro.com.ar\/sitio\/wp-json\/wp\/v2\/media\/105688"}],"wp:attachment":[{"href":"https:\/\/eldiariodesanpedro.com.ar\/sitio\/wp-json\/wp\/v2\/media?parent=105687"}],"wp:term":[{"taxonomy":"category","embeddable":true,"href":"https:\/\/eldiariodesanpedro.com.ar\/sitio\/wp-json\/wp\/v2\/categories?post=105687"},{"taxonomy":"post_tag","embeddable":true,"href":"https:\/\/eldiariodesanpedro.com.ar\/sitio\/wp-json\/wp\/v2\/tags?post=105687"}],"curies":[{"name":"wp","href":"https:\/\/api.w.org\/{rel}","templated":true}]}}