{"id":105684,"date":"2022-04-05T12:23:00","date_gmt":"2022-04-05T15:23:00","guid":{"rendered":"https:\/\/eldiariodesanpedro.com.ar\/sitio\/?p=105684"},"modified":"2022-04-05T12:23:00","modified_gmt":"2022-04-05T15:23:00","slug":"un-aprehendido-tras-agredir-y-amenazar-a-su-abuela-de-74-anos-de-edad%ef%bf%bc","status":"publish","type":"post","link":"https:\/\/eldiariodesanpedro.com.ar\/sitio\/un-aprehendido-tras-agredir-y-amenazar-a-su-abuela-de-74-anos-de-edad%ef%bf%bc\/","title":{"rendered":"Un aprehendido tras agredir y amenazar a su abuela de 74 a\u00f1os de edad\ufffc"},"content":{"rendered":"<!-- VideographyWP Plugin Message: Automatic video embedding prevented by plugin options. -->\n\n<p>Este lunes&nbsp; siendo las 18:40 horas el personal policial tras ser alertado por un llamado al 911 acude a calle Luis Sandrini al 1200, donde aprehende a masculino de 22 a\u00f1os de edad, quien tras conflicto familiar refiri\u00f3 amenazas de muerte a su abuela la se\u00f1ora de 74 a\u00f1os de edad.&nbsp;<\/p>\n\n\n\n<p>La v\u00edctima trasladada y asistida en la sede de la Comisar\u00eda de la Mujer y la Familia San Pedro, interviene fiscal\u00eda en turno San Pedro.-<\/p>\n","protected":false},"excerpt":{"rendered":"<p>Este lunes&nbsp; siendo las 18:40 horas el personal policial tras ser alertado por un llamado al 911 acude a calle Luis Sandrini al 1200, donde aprehende a masculino de 22 a\u00f1os de edad, quien tras conflicto familiar refiri\u00f3 amenazas de muerte a su abuela la se\u00f1ora de 74 a\u00f1os de edad.&nbsp; La v\u00edctima trasladada y [&hellip;]<\/p>\n","protected":false},"author":4,"featured_media":105685,"comment_status":"closed","ping_status":"closed","sticky":false,"template":"","format":"standard","meta":{"om_disable_all_campaigns":false,"_jetpack_memberships_contains_paid_content":false,"footnotes":""},"categories":[2,103],"tags":[197,33,95,19],"class_list":["post-105684","post","type-post","status-publish","format-standard","has-post-thumbnail","hentry","category-locales","category-policiales-locales","tag-buenos-aires","tag-locales","tag-policiales","tag-san-pedro"],"aioseo_notices":[],"gutentor_comment":0,"jetpack_featured_media_url":"https:\/\/eldiariodesanpedro.com.ar\/sitio\/wp-content\/uploads\/2022\/04\/WhatsApp-Image-2022-04-05-at-10.25.49-AM.jpeg","jetpack_shortlink":"https:\/\/wp.me\/p6RhLt-ruA","jetpack_sharing_enabled":true,"_links":{"self":[{"href":"https:\/\/eldiariodesanpedro.com.ar\/sitio\/wp-json\/wp\/v2\/posts\/105684","targetHints":{"allow":["GET"]}}],"collection":[{"href":"https:\/\/eldiariodesanpedro.com.ar\/sitio\/wp-json\/wp\/v2\/posts"}],"about":[{"href":"https:\/\/eldiariodesanpedro.com.ar\/sitio\/wp-json\/wp\/v2\/types\/post"}],"author":[{"embeddable":true,"href":"https:\/\/eldiariodesanpedro.com.ar\/sitio\/wp-json\/wp\/v2\/users\/4"}],"replies":[{"embeddable":true,"href":"https:\/\/eldiariodesanpedro.com.ar\/sitio\/wp-json\/wp\/v2\/comments?post=105684"}],"version-history":[{"count":1,"href":"https:\/\/eldiariodesanpedro.com.ar\/sitio\/wp-json\/wp\/v2\/posts\/105684\/revisions"}],"predecessor-version":[{"id":105686,"href":"https:\/\/eldiariodesanpedro.com.ar\/sitio\/wp-json\/wp\/v2\/posts\/105684\/revisions\/105686"}],"wp:featuredmedia":[{"embeddable":true,"href":"https:\/\/eldiariodesanpedro.com.ar\/sitio\/wp-json\/wp\/v2\/media\/105685"}],"wp:attachment":[{"href":"https:\/\/eldiariodesanpedro.com.ar\/sitio\/wp-json\/wp\/v2\/media?parent=105684"}],"wp:term":[{"taxonomy":"category","embeddable":true,"href":"https:\/\/eldiariodesanpedro.com.ar\/sitio\/wp-json\/wp\/v2\/categories?post=105684"},{"taxonomy":"post_tag","embeddable":true,"href":"https:\/\/eldiariodesanpedro.com.ar\/sitio\/wp-json\/wp\/v2\/tags?post=105684"}],"curies":[{"name":"wp","href":"https:\/\/api.w.org\/{rel}","templated":true}]}}