{"id":105681,"date":"2022-04-05T12:18:35","date_gmt":"2022-04-05T15:18:35","guid":{"rendered":"https:\/\/eldiariodesanpedro.com.ar\/sitio\/?p=105681"},"modified":"2022-04-05T12:19:17","modified_gmt":"2022-04-05T15:19:17","slug":"le-robaron-un-telefono-miesntras-caminaba-por-av-3-de-febrero","status":"publish","type":"post","link":"https:\/\/eldiariodesanpedro.com.ar\/sitio\/le-robaron-un-telefono-miesntras-caminaba-por-av-3-de-febrero\/","title":{"rendered":"Le robaron un tel\u00e9fono mientras caminaba por Av. 3 de Febrero"},"content":{"rendered":"<!-- VideographyWP Plugin Message: Automatic video embedding prevented by plugin options. -->\n\n<p>Anoche se denunci\u00f3 en la comisar\u00eda local una mujer de 19 a\u00f1os de edad, que&nbsp; promediando las 22 horas de ayer en calle 3 de Febrero entre las calles Rivadavia y Almafuerte, es sorprendida por un masculino que le sustrae tel\u00e9fono modalidad arrebato.&nbsp;&nbsp;Investiga la fiscal\u00eda Nro. 11 local.-<\/p>\n","protected":false},"excerpt":{"rendered":"<p>Anoche se denunci\u00f3 en la comisar\u00eda local una mujer de 19 a\u00f1os de edad, que&nbsp; promediando las 22 horas de ayer en calle 3 de Febrero entre las calles Rivadavia y Almafuerte, es sorprendida por un masculino que le sustrae tel\u00e9fono modalidad arrebato.&nbsp;&nbsp;Investiga la fiscal\u00eda Nro. 11 local.-<\/p>\n","protected":false},"author":4,"featured_media":68202,"comment_status":"closed","ping_status":"closed","sticky":false,"template":"","format":"standard","meta":{"om_disable_all_campaigns":false,"_jetpack_memberships_contains_paid_content":false,"footnotes":""},"categories":[2,103],"tags":[197,33,95,19],"class_list":["post-105681","post","type-post","status-publish","format-standard","has-post-thumbnail","hentry","category-locales","category-policiales-locales","tag-buenos-aires","tag-locales","tag-policiales","tag-san-pedro"],"aioseo_notices":[],"gutentor_comment":0,"jetpack_featured_media_url":"https:\/\/eldiariodesanpedro.com.ar\/sitio\/wp-content\/uploads\/2020\/02\/arrebato-celular-5-4-19-737x415-1.jpg","jetpack_shortlink":"https:\/\/wp.me\/p6RhLt-rux","jetpack_sharing_enabled":true,"_links":{"self":[{"href":"https:\/\/eldiariodesanpedro.com.ar\/sitio\/wp-json\/wp\/v2\/posts\/105681","targetHints":{"allow":["GET"]}}],"collection":[{"href":"https:\/\/eldiariodesanpedro.com.ar\/sitio\/wp-json\/wp\/v2\/posts"}],"about":[{"href":"https:\/\/eldiariodesanpedro.com.ar\/sitio\/wp-json\/wp\/v2\/types\/post"}],"author":[{"embeddable":true,"href":"https:\/\/eldiariodesanpedro.com.ar\/sitio\/wp-json\/wp\/v2\/users\/4"}],"replies":[{"embeddable":true,"href":"https:\/\/eldiariodesanpedro.com.ar\/sitio\/wp-json\/wp\/v2\/comments?post=105681"}],"version-history":[{"count":2,"href":"https:\/\/eldiariodesanpedro.com.ar\/sitio\/wp-json\/wp\/v2\/posts\/105681\/revisions"}],"predecessor-version":[{"id":105683,"href":"https:\/\/eldiariodesanpedro.com.ar\/sitio\/wp-json\/wp\/v2\/posts\/105681\/revisions\/105683"}],"wp:featuredmedia":[{"embeddable":true,"href":"https:\/\/eldiariodesanpedro.com.ar\/sitio\/wp-json\/wp\/v2\/media\/68202"}],"wp:attachment":[{"href":"https:\/\/eldiariodesanpedro.com.ar\/sitio\/wp-json\/wp\/v2\/media?parent=105681"}],"wp:term":[{"taxonomy":"category","embeddable":true,"href":"https:\/\/eldiariodesanpedro.com.ar\/sitio\/wp-json\/wp\/v2\/categories?post=105681"},{"taxonomy":"post_tag","embeddable":true,"href":"https:\/\/eldiariodesanpedro.com.ar\/sitio\/wp-json\/wp\/v2\/tags?post=105681"}],"curies":[{"name":"wp","href":"https:\/\/api.w.org\/{rel}","templated":true}]}}